{"id":380,"date":"2010-01-05T06:57:25","date_gmt":"2010-01-05T11:57:25","guid":{"rendered":"http:\/\/intercer.net\/blogs\/poeziisieditoriale\/generale\/cand-eu-nu-te-stiam.html"},"modified":"2010-01-06T13:19:44","modified_gmt":"2010-01-06T18:19:44","slug":"cand-eu-nu-te-stiam","status":"publish","type":"post","link":"https:\/\/intercer.net\/blogs\/poeziisieditoriale\/speranta\/cand-eu-nu-te-stiam.html","title":{"rendered":"C\u00e2nd eu nu Te \u015ftiam&#8230;"},"content":{"rendered":"<p>C\u00e2nd eu nu Te \u015ftiam&#8230;<\/p>\n<p>C\u00e2nd eu nu Te \u015ftiam Isuse,<br \/>\nM-aflam \u00een lume, f\u0103r\u0103 rost,<br \/>\nM\u0103car c\u0103 erau cele spuse<br \/>\nLa ce va fi \u015fi ce-a mai fost.<\/p>\n<p>De tot ce-a fost eu nu \u015ftiam,<br \/>\n\u015ei nici nu puteam a-n\u0163elege<br \/>\nCuv\u00e2ntul vesnic, c\u0103ci tr\u0103iam<br \/>\nStr\u0103in de Tine-n f\u0103r-delege.<\/p>\n<p>C\u00e2nd m\u0103 aflam \u00een ne\u015ftiin\u0163\u0103<br \/>\n\u015ei-n \u00eentuneric, foarte mare,<br \/>\nAi luminat a mea con\u015ftiin\u0163\u0103<br \/>\nS\u0103 \u00een\u0163eleg, iubirea-\u0162i mare.<\/p>\n<p>\u015ei-am \u00een\u0163eles, c\u0103 dela iesle<br \/>\nPrin ani spre marele Profet,<br \/>\nAi fost feciorul unei bresle<br \/>\nDe buni dulgheri \u00een Nazaret.<\/p>\n<p>\u015ei c\u0103 de la Iordan, din ap\u0103,<br \/>\nDe c\u00e2nd Te-a botezat Ioan,<br \/>\nAi fost f\u00e2nt\u00e2na care-adap\u0103<br \/>\nDin apa vie\u0163ii, an dup\u0103 an.<\/p>\n<p>\u015ei c\u00e2nd lucrare-ai terminat<br \/>\nPrin lacrime \u015fi prin suspine,<br \/>\nTu singur linul, L-ai c\u0103lcat,<br \/>\nNimenea, n-a fost cu Tine!<\/p>\n<p>\u015ei din gr\u0103dina Ghetsimani<br \/>\n\u015ei p\u00e2n-la muntele Golgota,<br \/>\nDipre\u0163uit ai fost de oameni<br \/>\n\u015ei morm\u00e2nt, ales-au grota.<\/p>\n<p>Astfel, s-adeverit Cuv\u00e2ntul<br \/>\nCa-ntre cei r\u0103i s\u0103 fii numit,<br \/>\nCu boga\u0163i s\u0103 ai morm\u00e2ntul<br \/>\nM\u0103car c-ai fost neprih\u0103nit!<\/p>\n<p>Am \u00een\u0163eles c\u0103-n jertfa mare<br \/>\n\u015ei-n s\u00e2ngele ce L-ai v\u0103rsat,<br \/>\nAcum deplin, eu am iertare<br \/>\nPut\u00e2nd s\u0103 fiu r\u0103scump\u0103rat.<\/p>\n<p>\u015ei pot fi-un rod al bucuriei<br \/>\nCe Doamne, Te va \u00eenviora,<br \/>\nPrin anii mul\u0163i, ai ve\u015fnciei<br \/>\nCe nu se vor mai num\u0103ra!<\/p>\n<p>Flavius Laurian Duverna<\/p>\n","protected":false},"excerpt":{"rendered":"<p>C\u00e2nd eu nu Te \u015ftiam&#8230; C\u00e2nd eu nu Te \u015ftiam Isuse, M-aflam \u00een lume, f\u0103r\u0103 rost, M\u0103car c\u0103 erau cele spuse La ce va fi \u015fi ce-a mai fost. De tot ce-a fost eu nu \u015ftiam, \u015ei nici nu puteam a-n\u0163elege Cuv\u00e2ntul vesnic, c\u0103ci tr\u0103iam Str\u0103in de Tine-n f\u0103r-delege. C\u00e2nd m\u0103 aflam \u00een ne\u015ftiin\u0163\u0103 \u015ei-n [&hellip;]<\/p>\n","protected":false},"author":9,"featured_media":0,"comment_status":"open","ping_status":"closed","sticky":false,"template":"","format":"standard","meta":{"_monsterinsights_skip_tracking":false,"_monsterinsights_sitenote_active":false,"_monsterinsights_sitenote_note":"","_monsterinsights_sitenote_category":0,"footnotes":""},"categories":[134,127],"tags":[8,215,208,133,209,126],"class_list":["post-380","post","type-post","status-publish","format-standard","hentry","category-generale","category-speranta","tag-bucurie","tag-duverna","tag-flavius","tag-isus","tag-laurian","tag-poezie"],"_links":{"self":[{"href":"https:\/\/intercer.net\/blogs\/poeziisieditoriale\/wp-json\/wp\/v2\/posts\/380","targetHints":{"allow":["GET"]}}],"collection":[{"href":"https:\/\/intercer.net\/blogs\/poeziisieditoriale\/wp-json\/wp\/v2\/posts"}],"about":[{"href":"https:\/\/intercer.net\/blogs\/poeziisieditoriale\/wp-json\/wp\/v2\/types\/post"}],"author":[{"embeddable":true,"href":"https:\/\/intercer.net\/blogs\/poeziisieditoriale\/wp-json\/wp\/v2\/users\/9"}],"replies":[{"embeddable":true,"href":"https:\/\/intercer.net\/blogs\/poeziisieditoriale\/wp-json\/wp\/v2\/comments?post=380"}],"version-history":[{"count":0,"href":"https:\/\/intercer.net\/blogs\/poeziisieditoriale\/wp-json\/wp\/v2\/posts\/380\/revisions"}],"wp:attachment":[{"href":"https:\/\/intercer.net\/blogs\/poeziisieditoriale\/wp-json\/wp\/v2\/media?parent=380"}],"wp:term":[{"taxonomy":"category","embeddable":true,"href":"https:\/\/intercer.net\/blogs\/poeziisieditoriale\/wp-json\/wp\/v2\/categories?post=380"},{"taxonomy":"post_tag","embeddable":true,"href":"https:\/\/intercer.net\/blogs\/poeziisieditoriale\/wp-json\/wp\/v2\/tags?post=380"}],"curies":[{"name":"wp","href":"https:\/\/api.w.org\/{rel}","templated":true}]}}