{"id":3836,"date":"2013-07-17T10:23:42","date_gmt":"2013-07-17T17:23:42","guid":{"rendered":"http:\/\/intercer.net\/blogs\/poeziisieditoriale\/?p=3836"},"modified":"2013-07-20T05:20:53","modified_gmt":"2013-07-20T12:20:53","slug":"venit-am-acum-sa-ti-urmez","status":"publish","type":"post","link":"https:\/\/intercer.net\/blogs\/poeziisieditoriale\/speranta\/venit-am-acum-sa-ti-urmez.html","title":{"rendered":"Venit-am acum s\u0103-\u0162i urmez!"},"content":{"rendered":"<p>Venit-am acum s\u0103-\u0162i urmez!<\/p>\n<p>Venit-am acum s\u0103-\u0162i urmez<br \/>\nPe calea Doamne, ce-ai l\u0103sat<br \/>\nPe-acest p\u0103m\u00e2nt ce ai c\u0103lcat,<br \/>\n\u015ei-at\u00e2t de mult m\u0103 minunez<br \/>\nPrin harul sf\u00e2nt, ce-naintez!<\/p>\n<p>Pentru dragostea-\u0162i adus\u0103<br \/>\nPrin via\u0163a-\u0162i ce n-ai cru\u0163at-o<br \/>\nL-a Calvar sus ce-ai ar\u0103tat-o,<br \/>\nC\u00e2nd pe cruce, a fost pus\u0103&#8230;<br \/>\nInima-mi, \u0162i-acum supus\u0103!<\/p>\n<p>Venit-am acum s\u0103-\u0162i urmez<br \/>\n\u00cen tot ce-ai spus \u015fi-ai \u00eenv\u0103\u0163at<br \/>\nLa care mult am cugetat,<br \/>\n\u015ei mi-am f\u0103cut astfel un crez<br \/>\nLa caracterul, ce-mi lucrez,<\/p>\n<p>Pe care-l sus\u0163in cu credin\u0163\u0103,<br \/>\n\u015ei-n lupta mea aspr\u0103 cu firea<br \/>\nS-o duc \u00een toat\u0103-mpotrivirea,<br \/>\nS-ajung la sf\u00e2nta poc\u0103in\u0163\u0103,<br \/>\nS\u0103 cresc \u00een sus spre umilin\u0163\u0103!<\/p>\n<p>Venit-am acum s\u0103-\u0162i urmez<br \/>\nPe calea Ta oriunde-ai merge,<br \/>\nC\u0103ci sufletul meu \u00een\u0163elege<br \/>\nPoruncile-\u0162i, s\u0103 le p\u0103strez<br \/>\n\u015ei-n sufletu-mi s\u0103 le-anexez!<\/p>\n<p>\u015ei Legea Ta dreapt\u0103 \u015fi bun\u0103<br \/>\nEa-n inima-mi s\u0103 locuiasc\u0103,<br \/>\nVia\u0163a s\u0103-mi des\u0103v\u00e2r\u015feasc\u0103<br \/>\nPrin roade sfinte ce se-adun\u0103<br \/>\nSpre-a fi cu Tine \u00eempreun\u0103!<\/p>\n<p>Flavius Laurian Duverna<br \/>\n07 noiembrie 2012<\/p>\n","protected":false},"excerpt":{"rendered":"<p>Venit-am acum s\u0103-\u0162i urmez! Venit-am acum s\u0103-\u0162i urmez Pe calea Doamne, ce-ai l\u0103sat Pe-acest p\u0103m\u00e2nt ce ai c\u0103lcat, \u015ei-at\u00e2t de mult m\u0103 minunez Prin harul sf\u00e2nt, ce-naintez! Pentru dragostea-\u0162i adus\u0103 Prin via\u0163a-\u0162i ce n-ai cru\u0163at-o L-a Calvar sus ce-ai ar\u0103tat-o, C\u00e2nd pe cruce, a fost pus\u0103&#8230; Inima-mi, \u0162i-acum supus\u0103! Venit-am acum s\u0103-\u0162i urmez \u00cen tot [&hellip;]<\/p>\n","protected":false},"author":9,"featured_media":0,"comment_status":"open","ping_status":"closed","sticky":false,"template":"","format":"standard","meta":{"_monsterinsights_skip_tracking":false,"_monsterinsights_sitenote_active":false,"_monsterinsights_sitenote_note":"","_monsterinsights_sitenote_category":0,"footnotes":""},"categories":[134,127],"tags":[7,215,208,209,126,304],"class_list":["post-3836","post","type-post","status-publish","format-standard","hentry","category-generale","category-speranta","tag-credinta","tag-duverna","tag-flavius","tag-laurian","tag-poezie","tag-umilinta"],"_links":{"self":[{"href":"https:\/\/intercer.net\/blogs\/poeziisieditoriale\/wp-json\/wp\/v2\/posts\/3836","targetHints":{"allow":["GET"]}}],"collection":[{"href":"https:\/\/intercer.net\/blogs\/poeziisieditoriale\/wp-json\/wp\/v2\/posts"}],"about":[{"href":"https:\/\/intercer.net\/blogs\/poeziisieditoriale\/wp-json\/wp\/v2\/types\/post"}],"author":[{"embeddable":true,"href":"https:\/\/intercer.net\/blogs\/poeziisieditoriale\/wp-json\/wp\/v2\/users\/9"}],"replies":[{"embeddable":true,"href":"https:\/\/intercer.net\/blogs\/poeziisieditoriale\/wp-json\/wp\/v2\/comments?post=3836"}],"version-history":[{"count":4,"href":"https:\/\/intercer.net\/blogs\/poeziisieditoriale\/wp-json\/wp\/v2\/posts\/3836\/revisions"}],"predecessor-version":[{"id":3857,"href":"https:\/\/intercer.net\/blogs\/poeziisieditoriale\/wp-json\/wp\/v2\/posts\/3836\/revisions\/3857"}],"wp:attachment":[{"href":"https:\/\/intercer.net\/blogs\/poeziisieditoriale\/wp-json\/wp\/v2\/media?parent=3836"}],"wp:term":[{"taxonomy":"category","embeddable":true,"href":"https:\/\/intercer.net\/blogs\/poeziisieditoriale\/wp-json\/wp\/v2\/categories?post=3836"},{"taxonomy":"post_tag","embeddable":true,"href":"https:\/\/intercer.net\/blogs\/poeziisieditoriale\/wp-json\/wp\/v2\/tags?post=3836"}],"curies":[{"name":"wp","href":"https:\/\/api.w.org\/{rel}","templated":true}]}}