{"id":3837,"date":"2013-07-17T10:25:09","date_gmt":"2013-07-17T17:25:09","guid":{"rendered":"http:\/\/intercer.net\/blogs\/poeziisieditoriale\/?p=3837"},"modified":"2013-07-20T05:15:32","modified_gmt":"2013-07-20T12:15:32","slug":"ce-nume-drag","status":"publish","type":"post","link":"https:\/\/intercer.net\/blogs\/poeziisieditoriale\/generale\/ce-nume-drag.html","title":{"rendered":"Ce nume drag&#8230;"},"content":{"rendered":"<p>Ce nume drag&#8230;<\/p>\n<p>Ce nume drag! Nu este altul,<br \/>\nCa numele cel scump, Isus,<br \/>\nCel ce salvarea mi-a adus<br \/>\nC\u00e2nd El S-a cobor\u00e2t din-naltul<br \/>\nCerului sf\u00e2nt, plin de lumin\u0103,<br \/>\nS\u0103-mi fac\u0103 via\u0163a mai senin\u0103!<\/p>\n<p>Aici, S-a \u00eentrupat ca Salvator,<br \/>\nCa m\u00e2ntuirea s\u0103-mi aduc\u0103<br \/>\n\u015ei-n cerul sf\u00e2nt El s\u0103 m\u0103 duc\u0103,<br \/>\nCum oaia-\u015fi duce-al ei P\u0103stor<br \/>\nLa p\u0103\u015funi verzi \u015fi ape dulci,<br \/>\nCe-nvioreaz\u0103 v\u0103i \u015fi lunci.<\/p>\n<p>Isus, \u00eemi este scumpul nume<br \/>\n\u00cen via\u0163a mea pe-acest p\u0103m\u00e2nt,<br \/>\nDe aceea slav\u0103 Lui \u00cei c\u00e2nt<br \/>\nC\u00e2t voi tr\u0103i-n aceast\u0103 lume,<br \/>\nC\u00e2t El suflarea Sa-\u015ei va \u0163ine<br \/>\n\u015ei-ndur\u0103tor, va fi cu mine&#8230;<\/p>\n<p>Necontenit am s\u0103-L iubesc<br \/>\nC\u00e2nd trec prin greu \u015fi suspine<br \/>\nC\u0103ci via\u0163a mea, Lui apar\u0163ine<br \/>\n\u00cen corpu-acesta p\u0103m\u00e2ntesc,<br \/>\nPrin faptul c\u0103 El m-a creat<br \/>\n\u015ei-apoi prin jertf\u0103 m-a salvat.<\/p>\n<p>Isus, \u00eemi este-at\u00e2ta, de iubit,<br \/>\nNume ce-I spus cu reveren\u0163\u0103!<br \/>\nC\u0103ci jertfa-I \u00eemi d\u0103 clemen\u0163\u0103<br \/>\nPrin faptul c\u0103 m-a izb\u0103vit<br \/>\nDe sub puterea-ngrozitoare,<br \/>\nA p\u0103catului, prin capturare.<\/p>\n<p>C\u00e2nd eu eram str\u0103in, pribeag<br \/>\n\u015ei niciun rost, n-aveam lume,<br \/>\nSub scutul S\u0103u \u015fi al Lui nume<br \/>\nEu mi-am g\u0103sit, sprijinul drag,<br \/>\nLa fra\u0163ii mei, cu-acela\u015f crez<br \/>\nCe-acum \u00eei iubesc \u015fi-i stimez.<\/p>\n<p>Flavius Laurian Duverna<br \/>\n08 noiembrie 2012<\/p>\n","protected":false},"excerpt":{"rendered":"<p>Ce nume drag&#8230; Ce nume drag! Nu este altul, Ca numele cel scump, Isus, Cel ce salvarea mi-a adus C\u00e2nd El S-a cobor\u00e2t din-naltul Cerului sf\u00e2nt, plin de lumin\u0103, S\u0103-mi fac\u0103 via\u0163a mai senin\u0103! Aici, S-a \u00eentrupat ca Salvator, Ca m\u00e2ntuirea s\u0103-mi aduc\u0103 \u015ei-n cerul sf\u00e2nt El s\u0103 m\u0103 duc\u0103, Cum oaia-\u015fi duce-al ei P\u0103stor [&hellip;]<\/p>\n","protected":false},"author":9,"featured_media":0,"comment_status":"open","ping_status":"closed","sticky":false,"template":"","format":"standard","meta":{"_monsterinsights_skip_tracking":false,"_monsterinsights_sitenote_active":false,"_monsterinsights_sitenote_note":"","_monsterinsights_sitenote_category":0,"footnotes":""},"categories":[134],"tags":[215,208,133,209,226,126],"class_list":["post-3837","post","type-post","status-publish","format-standard","hentry","category-generale","tag-duverna","tag-flavius","tag-isus","tag-laurian","tag-pamant","tag-poezie"],"_links":{"self":[{"href":"https:\/\/intercer.net\/blogs\/poeziisieditoriale\/wp-json\/wp\/v2\/posts\/3837","targetHints":{"allow":["GET"]}}],"collection":[{"href":"https:\/\/intercer.net\/blogs\/poeziisieditoriale\/wp-json\/wp\/v2\/posts"}],"about":[{"href":"https:\/\/intercer.net\/blogs\/poeziisieditoriale\/wp-json\/wp\/v2\/types\/post"}],"author":[{"embeddable":true,"href":"https:\/\/intercer.net\/blogs\/poeziisieditoriale\/wp-json\/wp\/v2\/users\/9"}],"replies":[{"embeddable":true,"href":"https:\/\/intercer.net\/blogs\/poeziisieditoriale\/wp-json\/wp\/v2\/comments?post=3837"}],"version-history":[{"count":3,"href":"https:\/\/intercer.net\/blogs\/poeziisieditoriale\/wp-json\/wp\/v2\/posts\/3837\/revisions"}],"predecessor-version":[{"id":3856,"href":"https:\/\/intercer.net\/blogs\/poeziisieditoriale\/wp-json\/wp\/v2\/posts\/3837\/revisions\/3856"}],"wp:attachment":[{"href":"https:\/\/intercer.net\/blogs\/poeziisieditoriale\/wp-json\/wp\/v2\/media?parent=3837"}],"wp:term":[{"taxonomy":"category","embeddable":true,"href":"https:\/\/intercer.net\/blogs\/poeziisieditoriale\/wp-json\/wp\/v2\/categories?post=3837"},{"taxonomy":"post_tag","embeddable":true,"href":"https:\/\/intercer.net\/blogs\/poeziisieditoriale\/wp-json\/wp\/v2\/tags?post=3837"}],"curies":[{"name":"wp","href":"https:\/\/api.w.org\/{rel}","templated":true}]}}