{"id":3840,"date":"2013-07-17T10:30:02","date_gmt":"2013-07-17T17:30:02","guid":{"rendered":"http:\/\/intercer.net\/blogs\/poeziisieditoriale\/?p=3840"},"modified":"2013-07-17T11:33:55","modified_gmt":"2013-07-17T18:33:55","slug":"nu-va-fi-o-zi-mai-fericita","status":"publish","type":"post","link":"https:\/\/intercer.net\/blogs\/poeziisieditoriale\/speranta\/nu-va-fi-o-zi-mai-fericita.html","title":{"rendered":"Nu va fi o zi, mai fericit\u0103"},"content":{"rendered":"<p>Nu va fi o zi, mai fericit\u0103<\/p>\n<p>Nu va fi o zi, mai fericit\u0103<br \/>\nCa ziua scump\u0103 de-nt\u00e2lnire<br \/>\nC\u00e2nd Hristos l-a Lui venire,<br \/>\nDe-ai S\u0103i copii va fi tr\u0103it\u0103<br \/>\n\u00cen frumuse\u0163ea-nve\u015fnicit\u0103,<br \/>\n\u015ei-n bucuria cea mai mare,<br \/>\nC\u0103ci cu p\u0103catul s-a sf\u00e2r\u015fit,<br \/>\nC\u0103-n Jertfa Sa i-a izb\u0103vit<br \/>\nDe moartea lui \u00eengrozitoare<br \/>\n\u00cei vor c\u00e2nta, drept adorare.<\/p>\n<p>Nu va fi o zi, mai str\u0103lucit\u0103<br \/>\nCa ziua aceea c\u00e2nd pe nori<br \/>\nDomnul va veni-n splendori<br \/>\nS\u0103-\u015ei ia mireasa preg\u0103tit\u0103<br \/>\nDe Duhul cel Sf\u00e2nt, \u00eenso\u0163it\u0103,<br \/>\n\u015ei-n inul cel alb \u00eembr\u0103cat\u0103<br \/>\nSpre slava sf\u00e2nt\u0103 a Mielului<br \/>\nS-o plimbe-n largul cerului,<br \/>\nS-o duc\u0103-n \u0163ara-I, minunat\u0103<br \/>\n\u015ei de miresme-mb\u0103ls\u0103mat\u0103.<\/p>\n<p>Nu va fi o zi, mai cu m\u0103rire<br \/>\nC\u00e2nd aduna\u0163ii din popoare,<br \/>\nVor \u00eent\u00e2lni pe Domnul care<br \/>\nLe va da dreapta r\u0103spl\u0103tire<br \/>\nPrin sf\u00e2nta Lui neprih\u0103nire,<br \/>\nPentru tot binele recunoscut<br \/>\nC-au consim\u0163it cu fra\u0163ii lor<br \/>\nCum i-a-nv\u0103\u0163at bunul P\u0103stor,<br \/>\n\u015ei cum cu drag ei L-au \u015ftiut<br \/>\nC\u0103 Domnul \u00eensu\u015fi l-a f\u0103cut.<\/p>\n<p>Flavius Laurian Duverna<br \/>\n09 noiembrie 2012<\/p>\n","protected":false},"excerpt":{"rendered":"<p>Nu va fi o zi, mai fericit\u0103 Nu va fi o zi, mai fericit\u0103 Ca ziua scump\u0103 de-nt\u00e2lnire C\u00e2nd Hristos l-a Lui venire, De-ai S\u0103i copii va fi tr\u0103it\u0103 \u00cen frumuse\u0163ea-nve\u015fnicit\u0103, \u015ei-n bucuria cea mai mare, C\u0103ci cu p\u0103catul s-a sf\u00e2r\u015fit, C\u0103-n Jertfa Sa i-a izb\u0103vit De moartea lui \u00eengrozitoare \u00cei vor c\u00e2nta, drept adorare. [&hellip;]<\/p>\n","protected":false},"author":9,"featured_media":0,"comment_status":"open","ping_status":"closed","sticky":false,"template":"","format":"standard","meta":{"_monsterinsights_skip_tracking":false,"_monsterinsights_sitenote_active":false,"_monsterinsights_sitenote_note":"","_monsterinsights_sitenote_category":0,"footnotes":""},"categories":[136,134,127],"tags":[215,208,209,442,423,126],"class_list":["post-3840","post","type-post","status-publish","format-standard","hentry","category-evenimente","category-generale","category-speranta","tag-duverna","tag-flavius","tag-laurian","tag-marire","tag-pastor","tag-poezie"],"_links":{"self":[{"href":"https:\/\/intercer.net\/blogs\/poeziisieditoriale\/wp-json\/wp\/v2\/posts\/3840","targetHints":{"allow":["GET"]}}],"collection":[{"href":"https:\/\/intercer.net\/blogs\/poeziisieditoriale\/wp-json\/wp\/v2\/posts"}],"about":[{"href":"https:\/\/intercer.net\/blogs\/poeziisieditoriale\/wp-json\/wp\/v2\/types\/post"}],"author":[{"embeddable":true,"href":"https:\/\/intercer.net\/blogs\/poeziisieditoriale\/wp-json\/wp\/v2\/users\/9"}],"replies":[{"embeddable":true,"href":"https:\/\/intercer.net\/blogs\/poeziisieditoriale\/wp-json\/wp\/v2\/comments?post=3840"}],"version-history":[{"count":2,"href":"https:\/\/intercer.net\/blogs\/poeziisieditoriale\/wp-json\/wp\/v2\/posts\/3840\/revisions"}],"predecessor-version":[{"id":3842,"href":"https:\/\/intercer.net\/blogs\/poeziisieditoriale\/wp-json\/wp\/v2\/posts\/3840\/revisions\/3842"}],"wp:attachment":[{"href":"https:\/\/intercer.net\/blogs\/poeziisieditoriale\/wp-json\/wp\/v2\/media?parent=3840"}],"wp:term":[{"taxonomy":"category","embeddable":true,"href":"https:\/\/intercer.net\/blogs\/poeziisieditoriale\/wp-json\/wp\/v2\/categories?post=3840"},{"taxonomy":"post_tag","embeddable":true,"href":"https:\/\/intercer.net\/blogs\/poeziisieditoriale\/wp-json\/wp\/v2\/tags?post=3840"}],"curies":[{"name":"wp","href":"https:\/\/api.w.org\/{rel}","templated":true}]}}