{"id":3904,"date":"2013-09-19T00:28:55","date_gmt":"2013-09-19T07:28:55","guid":{"rendered":"http:\/\/intercer.net\/blogs\/poeziisieditoriale\/?p=3904"},"modified":"2013-10-12T23:10:05","modified_gmt":"2013-10-13T06:10:05","slug":"sa-vii-la-raul-cel-de-viata","status":"publish","type":"post","link":"https:\/\/intercer.net\/blogs\/poeziisieditoriale\/speranta\/sa-vii-la-raul-cel-de-viata.html","title":{"rendered":"S\u0103 vii la r\u00e2ul, cel de via\u0163\u0103!"},"content":{"rendered":"<p>S\u0103 vii la r\u00e2ul, cel de via\u0163\u0103!<\/p>\n<p>S\u0103 vii la r\u00e2ul, cel de via\u0163\u0103<br \/>\nCu apa lui cea mult dorit\u0103,<br \/>\nC\u0103ci inima-n har \u0163i-e-nt\u0103rit\u0103<br \/>\n\u00cen zori de zi de diminea\u0163\u0103,<br \/>\nS\u0103 biruie\u015fti norii de cea\u0163\u0103<br \/>\nCe-n jur p\u00e2clo\u015fi ei se agit\u0103!<\/p>\n<p>S\u0103 vii la r\u00e2ul sf\u00e2nt, virgin<br \/>\nCu apa lui, ce te-nt\u0103re\u015fte<br \/>\nC\u00e2nd bei \u015fi setea potole\u015fte,<br \/>\nS-ascul\u0163i de glasul cel Divin<br \/>\nC\u0103-n Jertfa Lui totu-i senin,<br \/>\nC\u0103 via\u0163a ve\u015fnic\u0103-\u0163i dore\u015fte!<\/p>\n<p>S\u0103 vii la r\u00e2ul, cel sublim<br \/>\nCu apa lui, ce str\u0103luce\u015fte<br \/>\nDin locul unde izvor\u0103\u015fte,<br \/>\n\u015ei s\u0103 vezi, Noul Ierusalim<br \/>\nCe prin credin\u0163\u0103 \u00eel privim,<br \/>\n\u015ei via\u0163a ne-o \u00eenvesele\u015fte!<\/p>\n<p>S\u0103 vii la r\u00e2ul ce porne\u015fte<br \/>\nS\u0103 curg\u0103 limpede \u015fi clar,<br \/>\nDe sub tronul sf\u00e2nt de har<br \/>\nAl Tat\u0103lui, ce te iube\u015fte,<br \/>\n\u015ei loc \u00een cer \u00ee\u0163i preg\u0103te\u015fte<br \/>\nPrin Jertfa Sa de la Calvar!<\/p>\n<p>Flavius Laurian Duverna<br \/>\n22 noiembrie 2012<\/p>\n","protected":false},"excerpt":{"rendered":"<p>S\u0103 vii la r\u00e2ul, cel de via\u0163\u0103! S\u0103 vii la r\u00e2ul, cel de via\u0163\u0103 Cu apa lui cea mult dorit\u0103, C\u0103ci inima-n har \u0163i-e-nt\u0103rit\u0103 \u00cen zori de zi de diminea\u0163\u0103, S\u0103 biruie\u015fti norii de cea\u0163\u0103 Ce-n jur p\u00e2clo\u015fi ei se agit\u0103! S\u0103 vii la r\u00e2ul sf\u00e2nt, virgin Cu apa lui, ce te-nt\u0103re\u015fte C\u00e2nd bei \u015fi [&hellip;]<\/p>\n","protected":false},"author":9,"featured_media":0,"comment_status":"open","ping_status":"closed","sticky":false,"template":"","format":"standard","meta":{"_monsterinsights_skip_tracking":false,"_monsterinsights_sitenote_active":false,"_monsterinsights_sitenote_note":"","_monsterinsights_sitenote_category":0,"footnotes":""},"categories":[136,134,127],"tags":[224,215,208,209,126,8561],"class_list":["post-3904","post","type-post","status-publish","format-standard","hentry","category-evenimente","category-generale","category-speranta","tag-calvar","tag-duverna","tag-flavius","tag-laurian","tag-poezie","tag-sublim"],"_links":{"self":[{"href":"https:\/\/intercer.net\/blogs\/poeziisieditoriale\/wp-json\/wp\/v2\/posts\/3904","targetHints":{"allow":["GET"]}}],"collection":[{"href":"https:\/\/intercer.net\/blogs\/poeziisieditoriale\/wp-json\/wp\/v2\/posts"}],"about":[{"href":"https:\/\/intercer.net\/blogs\/poeziisieditoriale\/wp-json\/wp\/v2\/types\/post"}],"author":[{"embeddable":true,"href":"https:\/\/intercer.net\/blogs\/poeziisieditoriale\/wp-json\/wp\/v2\/users\/9"}],"replies":[{"embeddable":true,"href":"https:\/\/intercer.net\/blogs\/poeziisieditoriale\/wp-json\/wp\/v2\/comments?post=3904"}],"version-history":[{"count":1,"href":"https:\/\/intercer.net\/blogs\/poeziisieditoriale\/wp-json\/wp\/v2\/posts\/3904\/revisions"}],"predecessor-version":[{"id":3915,"href":"https:\/\/intercer.net\/blogs\/poeziisieditoriale\/wp-json\/wp\/v2\/posts\/3904\/revisions\/3915"}],"wp:attachment":[{"href":"https:\/\/intercer.net\/blogs\/poeziisieditoriale\/wp-json\/wp\/v2\/media?parent=3904"}],"wp:term":[{"taxonomy":"category","embeddable":true,"href":"https:\/\/intercer.net\/blogs\/poeziisieditoriale\/wp-json\/wp\/v2\/categories?post=3904"},{"taxonomy":"post_tag","embeddable":true,"href":"https:\/\/intercer.net\/blogs\/poeziisieditoriale\/wp-json\/wp\/v2\/tags?post=3904"}],"curies":[{"name":"wp","href":"https:\/\/api.w.org\/{rel}","templated":true}]}}