{"id":3931,"date":"2013-09-19T03:54:47","date_gmt":"2013-09-19T10:54:47","guid":{"rendered":"http:\/\/intercer.net\/blogs\/poeziisieditoriale\/?p=3931"},"modified":"2013-10-12T22:10:45","modified_gmt":"2013-10-13T05:10:45","slug":"pe-drumul-vietii-te-am-ales","status":"publish","type":"post","link":"https:\/\/intercer.net\/blogs\/poeziisieditoriale\/speranta\/pe-drumul-vietii-te-am-ales.html","title":{"rendered":"Pe drumul vie\u0163ii, Te-am ales!"},"content":{"rendered":"<p>Pe drumul vie\u0163ii, Te-am ales!<\/p>\n<p>Pe drumul vie\u0163ii, Te-am ales<br \/>\nS\u0103-mi fii Isuse bun, tovar\u0103\u015f,<br \/>\nS\u0103-mi readuci fiin\u0163a iar\u0103\u015fi<br \/>\nLa starea de-a fi \u00een\u0163eles,<br \/>\nC\u0103-n planul cel de m\u00e2ntuire<br \/>\nMi-ai oferit o \u015fans\u0103 mare<br \/>\nPrin jertfa Ta cea salvatoare,<br \/>\nS\u0103 pot s-ajung, la nemurire!<\/p>\n<p>Pe drumul vie\u0163ii, Te-am ales<br \/>\nPentruc\u0103-mi e\u015fti M\u00e2ntuitorul<br \/>\nEtern St\u0103p\u00e2n \u015fi Izb\u0103vitorul,<br \/>\nCe prin jertfire, m-ai cules<br \/>\nDin valu-acestei lumi de\u015farte<br \/>\nCe tot mai mult merge \u00een r\u0103u<br \/>\nNesocotind Cuv\u00e2ntul T\u0103u,<br \/>\nCe-ofer\u0103 via\u0163\u0103, \u015fi nu moarte!<\/p>\n<p>Pe drumul vie\u0163ii, Te-am ales<br \/>\nS\u0103 m\u0103 conduci, \u00een credin\u0163\u0103<br \/>\nS\u0103 pot, s-ajung la biruin\u0163\u0103,<br \/>\nCe am r\u00e2vnit-o at\u00e2t de des<br \/>\nPrin faptul c\u0103 sus la Calvar<br \/>\nAl meu p\u0103cat \u0162i-ai \u00eensu\u015fit,<br \/>\nPrin strigarea: ,,S-a sf\u00e2r\u015fit\u201d!<br \/>\nOferind lumii, sf\u00e2ntul har!<\/p>\n<p>Flavius Laurian Duverna<br \/>\n29 noiembrie 2012<\/p>\n","protected":false},"excerpt":{"rendered":"<p>Pe drumul vie\u0163ii, Te-am ales! Pe drumul vie\u0163ii, Te-am ales S\u0103-mi fii Isuse bun, tovar\u0103\u015f, S\u0103-mi readuci fiin\u0163a iar\u0103\u015fi La starea de-a fi \u00een\u0163eles, C\u0103-n planul cel de m\u00e2ntuire Mi-ai oferit o \u015fans\u0103 mare Prin jertfa Ta cea salvatoare, S\u0103 pot s-ajung, la nemurire! Pe drumul vie\u0163ii, Te-am ales Pentruc\u0103-mi e\u015fti M\u00e2ntuitorul Etern St\u0103p\u00e2n \u015fi [&hellip;]<\/p>\n","protected":false},"author":9,"featured_media":0,"comment_status":"open","ping_status":"closed","sticky":false,"template":"","format":"standard","meta":{"_monsterinsights_skip_tracking":false,"_monsterinsights_sitenote_active":false,"_monsterinsights_sitenote_note":"","_monsterinsights_sitenote_category":0,"footnotes":""},"categories":[134,135,127],"tags":[224,453,215,208,209,126],"class_list":["post-3931","post","type-post","status-publish","format-standard","hentry","category-generale","category-isus-hristos","category-speranta","tag-calvar","tag-cuvantul","tag-duverna","tag-flavius","tag-laurian","tag-poezie"],"_links":{"self":[{"href":"https:\/\/intercer.net\/blogs\/poeziisieditoriale\/wp-json\/wp\/v2\/posts\/3931","targetHints":{"allow":["GET"]}}],"collection":[{"href":"https:\/\/intercer.net\/blogs\/poeziisieditoriale\/wp-json\/wp\/v2\/posts"}],"about":[{"href":"https:\/\/intercer.net\/blogs\/poeziisieditoriale\/wp-json\/wp\/v2\/types\/post"}],"author":[{"embeddable":true,"href":"https:\/\/intercer.net\/blogs\/poeziisieditoriale\/wp-json\/wp\/v2\/users\/9"}],"replies":[{"embeddable":true,"href":"https:\/\/intercer.net\/blogs\/poeziisieditoriale\/wp-json\/wp\/v2\/comments?post=3931"}],"version-history":[{"count":1,"href":"https:\/\/intercer.net\/blogs\/poeziisieditoriale\/wp-json\/wp\/v2\/posts\/3931\/revisions"}],"predecessor-version":[{"id":3932,"href":"https:\/\/intercer.net\/blogs\/poeziisieditoriale\/wp-json\/wp\/v2\/posts\/3931\/revisions\/3932"}],"wp:attachment":[{"href":"https:\/\/intercer.net\/blogs\/poeziisieditoriale\/wp-json\/wp\/v2\/media?parent=3931"}],"wp:term":[{"taxonomy":"category","embeddable":true,"href":"https:\/\/intercer.net\/blogs\/poeziisieditoriale\/wp-json\/wp\/v2\/categories?post=3931"},{"taxonomy":"post_tag","embeddable":true,"href":"https:\/\/intercer.net\/blogs\/poeziisieditoriale\/wp-json\/wp\/v2\/tags?post=3931"}],"curies":[{"name":"wp","href":"https:\/\/api.w.org\/{rel}","templated":true}]}}