{"id":4004,"date":"2013-12-12T22:04:52","date_gmt":"2013-12-13T06:04:52","guid":{"rendered":"http:\/\/intercer.net\/blogs\/poeziisieditoriale\/?p=4004"},"modified":"2013-12-13T00:43:31","modified_gmt":"2013-12-13T08:43:31","slug":"doamne-vreau-cu-ochii-mintii","status":"publish","type":"post","link":"https:\/\/intercer.net\/blogs\/poeziisieditoriale\/speranta\/doamne-vreau-cu-ochii-mintii.html","title":{"rendered":"Doamne vreau cu ochii min\u0163ii"},"content":{"rendered":"<p>Doamne vreau cu ochii min\u0163ii <\/p>\n<p>Doamne vreau cu ochii min\u0163ii<br \/>\nS\u0103 v\u0103d minunile prea sfinte,<br \/>\nLa care vreau s\u0103 iau aminte<br \/>\nPrin spectrul tainic al credin\u0163ii!<br \/>\nMi-este dorin\u0163a cea fierbinte,<br \/>\n\u015ei cea mai scump\u0103 rug\u0103minte!<\/p>\n<p>Din tot ce faci pentru p\u0103m\u00e2nt<br \/>\nPrin for\u0163a Ta cea creatoare,<br \/>\nDe la puterea Ta prin soare<br \/>\n\u015ei p\u00e2n-la briza cea de v\u00e2nt,<br \/>\nCe-aduce splendida-i r\u0103coare,<br \/>\n\u00cemi salt\u0103 g\u00e2nduri de-adorare.<\/p>\n<p>C\u0103ci Doamne, Tu te-ngrije\u015fti<br \/>\nCa-n orice zi, de diminea\u0163\u0103,<br \/>\nC\u00e2nd toate se trezesc la via\u0163\u0103<br \/>\nS-ar\u0103\u0163i c\u0103 Sf\u00e2nt Creator e\u015fti,<br \/>\nNu Te ascunzi \u00een nori \u015fi cea\u0163\u0103<br \/>\n\u015ei Te prezin\u0163i, cu-aceea\u015fi fa\u0163\u0103.<\/p>\n<p>C\u0103ci nimic Doamne, nu apare<br \/>\n\u00cen rostul lumii ce-ai creat,<br \/>\nDe c\u00e2nd p\u0103m\u00e2ntu-a existat<br \/>\n\u015ei pus a fost sub guvernare<br \/>\nC\u0103 legile s-ar fi schimbat,<br \/>\nCi, m\u0103rirea Ta le-a protejat!<\/p>\n<p>Le-ai protejat cu riscul mare<br \/>\nC\u00e2nd Unicu-\u0162i Fiu L-ai trimis,<br \/>\nS\u0103 duc\u0103 lupta-n c\u00e2mp deschis<br \/>\nCu Lucifer, ce-n r\u0103sculare,<br \/>\nSchimb\u0103ri vorbind el a promis<br \/>\n\u015ei-n ceruri sus, \u015fi-n Paradis.<\/p>\n<p>Flavius Laurian Duverna<br \/>\n16 decembrie 2012<\/p>\n","protected":false},"excerpt":{"rendered":"<p>Doamne vreau cu ochii min\u0163ii Doamne vreau cu ochii min\u0163ii S\u0103 v\u0103d minunile prea sfinte, La care vreau s\u0103 iau aminte Prin spectrul tainic al credin\u0163ii! Mi-este dorin\u0163a cea fierbinte, \u015ei cea mai scump\u0103 rug\u0103minte! Din tot ce faci pentru p\u0103m\u00e2nt Prin for\u0163a Ta cea creatoare, De la puterea Ta prin soare \u015ei p\u00e2n-la briza [&hellip;]<\/p>\n","protected":false},"author":9,"featured_media":0,"comment_status":"open","ping_status":"closed","sticky":false,"template":"","format":"standard","meta":{"_monsterinsights_skip_tracking":false,"_monsterinsights_sitenote_active":false,"_monsterinsights_sitenote_note":"","_monsterinsights_sitenote_category":0,"footnotes":""},"categories":[134,127],"tags":[215,208,209,226,345,126],"class_list":["post-4004","post","type-post","status-publish","format-standard","hentry","category-generale","category-speranta","tag-duverna","tag-flavius","tag-laurian","tag-pamant","tag-paradis","tag-poezie"],"_links":{"self":[{"href":"https:\/\/intercer.net\/blogs\/poeziisieditoriale\/wp-json\/wp\/v2\/posts\/4004","targetHints":{"allow":["GET"]}}],"collection":[{"href":"https:\/\/intercer.net\/blogs\/poeziisieditoriale\/wp-json\/wp\/v2\/posts"}],"about":[{"href":"https:\/\/intercer.net\/blogs\/poeziisieditoriale\/wp-json\/wp\/v2\/types\/post"}],"author":[{"embeddable":true,"href":"https:\/\/intercer.net\/blogs\/poeziisieditoriale\/wp-json\/wp\/v2\/users\/9"}],"replies":[{"embeddable":true,"href":"https:\/\/intercer.net\/blogs\/poeziisieditoriale\/wp-json\/wp\/v2\/comments?post=4004"}],"version-history":[{"count":1,"href":"https:\/\/intercer.net\/blogs\/poeziisieditoriale\/wp-json\/wp\/v2\/posts\/4004\/revisions"}],"predecessor-version":[{"id":4005,"href":"https:\/\/intercer.net\/blogs\/poeziisieditoriale\/wp-json\/wp\/v2\/posts\/4004\/revisions\/4005"}],"wp:attachment":[{"href":"https:\/\/intercer.net\/blogs\/poeziisieditoriale\/wp-json\/wp\/v2\/media?parent=4004"}],"wp:term":[{"taxonomy":"category","embeddable":true,"href":"https:\/\/intercer.net\/blogs\/poeziisieditoriale\/wp-json\/wp\/v2\/categories?post=4004"},{"taxonomy":"post_tag","embeddable":true,"href":"https:\/\/intercer.net\/blogs\/poeziisieditoriale\/wp-json\/wp\/v2\/tags?post=4004"}],"curies":[{"name":"wp","href":"https:\/\/api.w.org\/{rel}","templated":true}]}}