{"id":471,"date":"2010-01-08T04:23:55","date_gmt":"2010-01-08T09:23:55","guid":{"rendered":"http:\/\/intercer.net\/blogs\/poeziisieditoriale\/generale\/chezasie.html"},"modified":"2010-01-08T04:25:01","modified_gmt":"2010-01-08T09:25:01","slug":"chezasie","status":"publish","type":"post","link":"https:\/\/intercer.net\/blogs\/poeziisieditoriale\/speranta\/chezasie.html","title":{"rendered":"Chez\u0103\u015fie"},"content":{"rendered":"<p>Chez\u0103\u015fie<\/p>\n<p>De tr\u0103iesc via\u0163a sf\u00e2nt\u0103<br \/>\nDoamne, undele Iubirii,<br \/>\n\u00cemi mi\u015fc\u0103 inima fr\u00e2nt\u0103<br \/>\nPe-altarul des\u0103v\u00e2r\u015firii.<\/p>\n<p>Ea m\u0103 duce pas cu pas<br \/>\nLa dorita transformare,<br \/>\nUit\u00e2nd totul ce-a r\u0103mas,<br \/>\nAmintiri doar trec\u0103toare.<\/p>\n<p>C\u0103ci via\u0163a-mi f\u0103r\u0103 Tine,<br \/>\nDoamne, este f\u0103r\u0103 sens,<br \/>\nC\u0103ci n-are roade divine,<br \/>\nNici al harului consens.<\/p>\n<p>Numai st\u00e2nd \u00een grija Ta<br \/>\nPot urca spre m\u00e2ntuire,<br \/>\n\u015ei harul sf\u00e2nt \u00eemi va da<br \/>\nAjutor, doar prin Iubire.<\/p>\n<p>Chez\u0103\u015fie, pentru mine<br \/>\nS\u0103-mi arate m\u00e2ntuirea,<br \/>\nIubirea s-a dat pe Sine<br \/>\nS\u0103-mi ofere izb\u0103virea.<\/p>\n<p>Ea-n diminea\u0163a \u00eenvierii<br \/>\n\u015ei-a spus gloria divin\u0103,<br \/>\nRidic\u00e2nd greul poverii<br \/>\n\u00cenal\u0163\u00e2ndu-Se-n lumin\u0103.<\/p>\n<p>C\u00e2nd triumful bucuriei<br \/>\nA traversat cerul sf\u00e2nt,<br \/>\nZorii dulci, ai va\u015fniciei<br \/>\nStr\u0103lucit-au pe p\u0103m\u00e2nt.<\/p>\n<p>Flavius Laurian Duverna<\/p>\n","protected":false},"excerpt":{"rendered":"<p>Chez\u0103\u015fie De tr\u0103iesc via\u0163a sf\u00e2nt\u0103 Doamne, undele Iubirii, \u00cemi mi\u015fc\u0103 inima fr\u00e2nt\u0103 Pe-altarul des\u0103v\u00e2r\u015firii. Ea m\u0103 duce pas cu pas La dorita transformare, Uit\u00e2nd totul ce-a r\u0103mas, Amintiri doar trec\u0103toare. C\u0103ci via\u0163a-mi f\u0103r\u0103 Tine, Doamne, este f\u0103r\u0103 sens, C\u0103ci n-are roade divine, Nici al harului consens. Numai st\u00e2nd \u00een grija Ta Pot urca spre m\u00e2ntuire, [&hellip;]<\/p>\n","protected":false},"author":9,"featured_media":0,"comment_status":"open","ping_status":"closed","sticky":false,"template":"","format":"standard","meta":{"_monsterinsights_skip_tracking":false,"_monsterinsights_sitenote_active":false,"_monsterinsights_sitenote_note":"","_monsterinsights_sitenote_category":0,"footnotes":""},"categories":[134,127],"tags":[215,208,209,214,432,433],"class_list":["post-471","post","type-post","status-publish","format-standard","hentry","category-generale","category-speranta","tag-duverna","tag-flavius","tag-laurian","tag-mantuire","tag-transformare","tag-vesniciei"],"_links":{"self":[{"href":"https:\/\/intercer.net\/blogs\/poeziisieditoriale\/wp-json\/wp\/v2\/posts\/471","targetHints":{"allow":["GET"]}}],"collection":[{"href":"https:\/\/intercer.net\/blogs\/poeziisieditoriale\/wp-json\/wp\/v2\/posts"}],"about":[{"href":"https:\/\/intercer.net\/blogs\/poeziisieditoriale\/wp-json\/wp\/v2\/types\/post"}],"author":[{"embeddable":true,"href":"https:\/\/intercer.net\/blogs\/poeziisieditoriale\/wp-json\/wp\/v2\/users\/9"}],"replies":[{"embeddable":true,"href":"https:\/\/intercer.net\/blogs\/poeziisieditoriale\/wp-json\/wp\/v2\/comments?post=471"}],"version-history":[{"count":0,"href":"https:\/\/intercer.net\/blogs\/poeziisieditoriale\/wp-json\/wp\/v2\/posts\/471\/revisions"}],"wp:attachment":[{"href":"https:\/\/intercer.net\/blogs\/poeziisieditoriale\/wp-json\/wp\/v2\/media?parent=471"}],"wp:term":[{"taxonomy":"category","embeddable":true,"href":"https:\/\/intercer.net\/blogs\/poeziisieditoriale\/wp-json\/wp\/v2\/categories?post=471"},{"taxonomy":"post_tag","embeddable":true,"href":"https:\/\/intercer.net\/blogs\/poeziisieditoriale\/wp-json\/wp\/v2\/tags?post=471"}],"curies":[{"name":"wp","href":"https:\/\/api.w.org\/{rel}","templated":true}]}}