{"id":477,"date":"2010-01-08T05:41:51","date_gmt":"2010-01-08T10:41:51","guid":{"rendered":"http:\/\/intercer.net\/blogs\/poeziisieditoriale\/generale\/chipul-mamei.html"},"modified":"2010-01-08T05:44:38","modified_gmt":"2010-01-08T10:44:38","slug":"chipul-mamei","status":"publish","type":"post","link":"https:\/\/intercer.net\/blogs\/poeziisieditoriale\/speranta\/chipul-mamei.html","title":{"rendered":"Chipul Mamei"},"content":{"rendered":"<p>Chipul Mamei<\/p>\n<p>Aievea, de privesc t\u0103c\u00e2nd<br \/>\nPrin ai copil\u0103riei fragili ani,<br \/>\n\u00cemi sare-n minte \u015fi-n g\u00e2nd<br \/>\nO mam\u0103, \u00eentre doi castani.<\/p>\n<p>Acolo \u00een curte l\u00e2ng-un pat<br \/>\nM\u0103 v\u0103d un pruncule\u0163 firav,<br \/>\n\u015ei-o mam\u0103 care s-a plecat<br \/>\nAsupra mea \u00een ceasul grav.<\/p>\n<p>Ea Domnului de multe ori<br \/>\nPrin rug\u0103 g\u00e2ndul \u015fi-a rostit,<br \/>\nCa \u00eengeri buni \u015fi veghetori<br \/>\nS\u0103 m\u0103-ocrotesc\u0103, adormit.<\/p>\n<p>S\u0103-mi fie somnul lin, curat,<br \/>\n\u015ei c\u00e2nd din el m\u0103 voi trezi,<br \/>\nLa chipul ei cu drag s\u0103 cat<br \/>\nSpre fa\u0163a-n grij\u0103 a-i z\u00e2mbi.<\/p>\n<p>S\u0103 cresc \u015fi s\u0103 m\u0103 fac mare,<br \/>\nEra dorin\u0163a-i cea suprem\u0103,<br \/>\nPurtat\u0103-n suflet cu ardoare,<br \/>\nCa pe o scump\u0103 diadem\u0103.<\/p>\n<p>De-a lungul vremii n-a uitat<br \/>\nIdealul scump ce l-a nutrit,<br \/>\n\u015ei-n dragoste ea s-a rugat<br \/>\nS\u0103-l poat\u0103 vede \u00eendeplinit.<\/p>\n<p>Al ei cuv\u00e2nt, \u00eemi este drag,<br \/>\nMi-a fost un far lumin\u0103tor!<br \/>\nPe calea vie\u0163ii, de pribeag<br \/>\nM-a \u00eenso\u0163it, ca \u00eendrum\u0103tor.<\/p>\n<p>\u00cen suflet mi-a pus speran\u0163\u0103<br \/>\nPrin anii vie\u0163ii, ce se scurg,<br \/>\n\u015ei din necazuri, el m\u0103-nal\u0163\u0103<br \/>\nSpre noi idealuri din amurg.<\/p>\n<p>\u015ei el mereu ma-ncurajeaz\u0103<br \/>\nC\u00e2nd trec \u00een via\u0163\u0103 prin greu,<br \/>\n\u015ei pa\u015fii \u00eenc\u0103-mi-ndrepteaz\u0103<br \/>\nAproape-a fi de Dumnezeu.<\/p>\n<p>Flavius Laurian Duverna<\/p>\n","protected":false},"excerpt":{"rendered":"<p>Chipul Mamei Aievea, de privesc t\u0103c\u00e2nd Prin ai copil\u0103riei fragili ani, \u00cemi sare-n minte \u015fi-n g\u00e2nd O mam\u0103, \u00eentre doi castani. Acolo \u00een curte l\u00e2ng-un pat M\u0103 v\u0103d un pruncule\u0163 firav, \u015ei-o mam\u0103 care s-a plecat Asupra mea \u00een ceasul grav. Ea Domnului de multe ori Prin rug\u0103 g\u00e2ndul \u015fi-a rostit, Ca \u00eengeri buni \u015fi [&hellip;]<\/p>\n","protected":false},"author":9,"featured_media":0,"comment_status":"open","ping_status":"closed","sticky":false,"template":"","format":"standard","meta":{"_monsterinsights_skip_tracking":false,"_monsterinsights_sitenote_active":false,"_monsterinsights_sitenote_note":"","_monsterinsights_sitenote_category":0,"footnotes":""},"categories":[134,127],"tags":[43,215,208,438,209,436,437],"class_list":["post-477","post","type-post","status-publish","format-standard","hentry","category-generale","category-speranta","tag-dumnezeu","tag-duverna","tag-flavius","tag-grija","tag-laurian","tag-mama","tag-prunculet"],"_links":{"self":[{"href":"https:\/\/intercer.net\/blogs\/poeziisieditoriale\/wp-json\/wp\/v2\/posts\/477","targetHints":{"allow":["GET"]}}],"collection":[{"href":"https:\/\/intercer.net\/blogs\/poeziisieditoriale\/wp-json\/wp\/v2\/posts"}],"about":[{"href":"https:\/\/intercer.net\/blogs\/poeziisieditoriale\/wp-json\/wp\/v2\/types\/post"}],"author":[{"embeddable":true,"href":"https:\/\/intercer.net\/blogs\/poeziisieditoriale\/wp-json\/wp\/v2\/users\/9"}],"replies":[{"embeddable":true,"href":"https:\/\/intercer.net\/blogs\/poeziisieditoriale\/wp-json\/wp\/v2\/comments?post=477"}],"version-history":[{"count":0,"href":"https:\/\/intercer.net\/blogs\/poeziisieditoriale\/wp-json\/wp\/v2\/posts\/477\/revisions"}],"wp:attachment":[{"href":"https:\/\/intercer.net\/blogs\/poeziisieditoriale\/wp-json\/wp\/v2\/media?parent=477"}],"wp:term":[{"taxonomy":"category","embeddable":true,"href":"https:\/\/intercer.net\/blogs\/poeziisieditoriale\/wp-json\/wp\/v2\/categories?post=477"},{"taxonomy":"post_tag","embeddable":true,"href":"https:\/\/intercer.net\/blogs\/poeziisieditoriale\/wp-json\/wp\/v2\/tags?post=477"}],"curies":[{"name":"wp","href":"https:\/\/api.w.org\/{rel}","templated":true}]}}