{"id":4927,"date":"2017-10-30T07:34:30","date_gmt":"2017-10-30T14:34:30","guid":{"rendered":"https:\/\/intercer.net\/blogs\/poeziisieditoriale\/?p=4927"},"modified":"2017-10-30T09:02:07","modified_gmt":"2017-10-30T16:02:07","slug":"cand-toate-trec-si-se-duc-toate","status":"publish","type":"post","link":"https:\/\/intercer.net\/blogs\/poeziisieditoriale\/generale\/cand-toate-trec-si-se-duc-toate.html","title":{"rendered":"C\u00e2nd toate trec \u015fi se duc toate"},"content":{"rendered":"<p>C\u00e2nd trec \u015fi se duc toate<\/p>\n<p>C\u00e2nd trec \u015fi se duc toate<br \/>\nPe-o cale ce-i or\u00e2nduit\u0103,<br \/>\nDe c\u00e2nd lumea-i am\u0103git\u0103,<br \/>\nOpre\u015fte-te, \u015fi te socoate:<br \/>\nVia\u0163a cum \u0163i-a fost tr\u0103it\u0103,<br \/>\n\u00cen r\u0103u, sau bine g\u00e2ndit\u0103?<\/p>\n<p>C\u00e2nd se duc toate, \u015fi trec<br \/>\nPe calea de ne\u00eenturnare<br \/>\nDuc\u00e2nd cu ele spre uitare<br \/>\nDin c\u00e2te-n lume se petrec,<br \/>\nNu pui semn de \u00eentrebare,<br \/>\nC\u00e2t va dura aceast\u0103 stare?<\/p>\n<p>\u00cen Cartea Sf\u00e2nt\u0103 ai r\u0103spuns<br \/>\n\u015ei dac\u0103-l cau\u0163i, \u00eel g\u0103se\u015fti<br \/>\n\u015ei vezi atuncea cine e\u015fti,<br \/>\nDe ce Isus a fost str\u0103puns<br \/>\nVenind din sl\u0103vile cere\u015fti<br \/>\nLa fiii S\u0103i cei p\u0103m\u00e2nte\u015fti?<\/p>\n<p>A venit s\u0103-nving\u0103 moartea<br \/>\nPrin st\u0103p\u00e2nirea asupra firii &#8211;<br \/>\nCa omu-n starea nemuririi<br \/>\nS\u0103 poat\u0103 iar s\u0103 aib\u0103 partea<br \/>\nLa via\u0163a cea a neprih\u0103nirii<br \/>\nDe din &#8216;naintea am\u0103girii.<\/p>\n<p>Flavius Laurian Duverna<br \/>\n30 octombrie 2017<\/p>\n","protected":false},"excerpt":{"rendered":"<p>C\u00e2nd trec \u015fi se duc toate C\u00e2nd trec \u015fi se duc toate Pe-o cale ce-i or\u00e2nduit\u0103, De c\u00e2nd lumea-i am\u0103git\u0103, Opre\u015fte-te, \u015fi te socoate: Via\u0163a cum \u0163i-a fost tr\u0103it\u0103, \u00cen r\u0103u, sau bine g\u00e2ndit\u0103? C\u00e2nd se duc toate, \u015fi trec Pe calea de ne\u00eenturnare Duc\u00e2nd cu ele spre uitare Din c\u00e2te-n lume se petrec, Nu [&hellip;]<\/p>\n","protected":false},"author":9,"featured_media":0,"comment_status":"open","ping_status":"closed","sticky":false,"template":"","format":"standard","meta":{"_monsterinsights_skip_tracking":false,"_monsterinsights_sitenote_active":false,"_monsterinsights_sitenote_note":"","_monsterinsights_sitenote_category":0,"footnotes":""},"categories":[136,134,135],"tags":[347,208,274,126],"class_list":["post-4927","post","type-post","status-publish","format-standard","hentry","category-evenimente","category-generale","category-isus-hristos","tag-biruinta","tag-flavius","tag-mantuitor","tag-poezie"],"_links":{"self":[{"href":"https:\/\/intercer.net\/blogs\/poeziisieditoriale\/wp-json\/wp\/v2\/posts\/4927","targetHints":{"allow":["GET"]}}],"collection":[{"href":"https:\/\/intercer.net\/blogs\/poeziisieditoriale\/wp-json\/wp\/v2\/posts"}],"about":[{"href":"https:\/\/intercer.net\/blogs\/poeziisieditoriale\/wp-json\/wp\/v2\/types\/post"}],"author":[{"embeddable":true,"href":"https:\/\/intercer.net\/blogs\/poeziisieditoriale\/wp-json\/wp\/v2\/users\/9"}],"replies":[{"embeddable":true,"href":"https:\/\/intercer.net\/blogs\/poeziisieditoriale\/wp-json\/wp\/v2\/comments?post=4927"}],"version-history":[{"count":4,"href":"https:\/\/intercer.net\/blogs\/poeziisieditoriale\/wp-json\/wp\/v2\/posts\/4927\/revisions"}],"predecessor-version":[{"id":4931,"href":"https:\/\/intercer.net\/blogs\/poeziisieditoriale\/wp-json\/wp\/v2\/posts\/4927\/revisions\/4931"}],"wp:attachment":[{"href":"https:\/\/intercer.net\/blogs\/poeziisieditoriale\/wp-json\/wp\/v2\/media?parent=4927"}],"wp:term":[{"taxonomy":"category","embeddable":true,"href":"https:\/\/intercer.net\/blogs\/poeziisieditoriale\/wp-json\/wp\/v2\/categories?post=4927"},{"taxonomy":"post_tag","embeddable":true,"href":"https:\/\/intercer.net\/blogs\/poeziisieditoriale\/wp-json\/wp\/v2\/tags?post=4927"}],"curies":[{"name":"wp","href":"https:\/\/api.w.org\/{rel}","templated":true}]}}