{"id":5265,"date":"2018-02-26T05:02:24","date_gmt":"2018-02-26T13:02:24","guid":{"rendered":"https:\/\/intercer.net\/blogs\/poeziisieditoriale\/?p=5265"},"modified":"2018-02-26T05:02:24","modified_gmt":"2018-02-26T13:02:24","slug":"cetate-prea-sfanta","status":"publish","type":"post","link":"https:\/\/intercer.net\/blogs\/poeziisieditoriale\/generale\/cetate-prea-sfanta.html","title":{"rendered":"Cetate Prea Sf\u00e2nt\u0103!&#8230;"},"content":{"rendered":"<p>Cetate Prea Sf\u00e2nt\u0103!&#8230;<\/p>\n<p>Cetate Prea Sf\u00e2nt\u0103, \u00eenve\u015fm\u00e2ntat\u0103 \u00een rubine<br \/>\nCa o piatr\u0103 scump\u0103 de iaspis \u015fi m\u0103rg\u0103ritare,<br \/>\nE\u015fti cetatea cea nou\u0103 a prea-m\u0103rirei Divine<br \/>\nCu-aureola cereasc\u0103-n ve\u015fnica-i s\u0103rb\u0103toare<br \/>\nPentru Domnul preg\u0103tit\u0103 la nunta cea mare!<\/p>\n<p>E\u015fti cetatea-n vremi c\u00e2ntat\u0103 de cei oropsi\u0163i<br \/>\nCe prin veacuri, te-au a\u015fteptat mult \u015fi dorit,<br \/>\nS\u0103 te vad\u0103-n splendoare, fiind etern ferici\u0163i<br \/>\nDe ve\u015fnica-\u0163i frumuse\u0163e, ce ei au n\u0103d\u0103jduit,<br \/>\n\u00cen via\u0163a lor peregrin\u0103, pe unde au pribegit.<\/p>\n<p>E\u015fti cetatea cea sf\u00e2nt\u0103, cu str\u0103zi sclipitoare<br \/>\nConstruite din aur, pentru to\u0163i cei m\u00e2ntui\u0163i,<br \/>\nPentru acei peregrini f\u0103r\u0103 odihn\u0103 sub soare<br \/>\nLovi\u0163i-n-cerc\u0103ri \u015fi ispite, de cel r\u0103u h\u0103r\u0163ui\u0163i,<br \/>\nDar care n-au fost \u00eenvin\u015fi \u015fi de p\u0103cat birui\u0163i. <\/p>\n<p>E\u015fti cetatea iubit\u0103, pentru p\u0103m\u00e2ntul cel nou,<br \/>\nSuperb\u0103 metropol\u0103-n guvernarea cea sf\u00e2nt\u0103!<br \/>\nDe la tronul Divin, al Dragostei ve\u015fnic ecou,<br \/>\nVa traversa Universul, ce existen\u0163a \u00ee\u015fi c\u00e2nt\u0103<br \/>\nC\u0103 p\u0103cat nu mai este \u015fi puterea-i, e-nfr\u00e2nt\u0103.<\/p>\n<p>E\u015fti cetatea cea scump\u0103, cu r\u00e2ul lin de via\u0163\u0103<br \/>\nCe izvor\u0103\u015fte din Tronul cel sf\u00e2nt de domnie,<br \/>\nCare curge perptuu, care-n orice diminea\u0163\u0103<br \/>\n\u00cenvesele\u015fte pe oameni, ce vor sim\u0163i bucurie,<br \/>\nTr\u0103ind via\u0163a cea ve\u015fnic\u0103, \u00een pace \u015fi armonie.<\/p>\n<p>E\u015fti cetatea promis\u0103 cu doritul pom al vie\u0163ii,<br \/>\nCu fructele-i rodite \u015fi coapte \u00een fiecare lun\u0103,<br \/>\nDin care m\u00e2nc\u00e2nd, ca \u015fi-un elixir al tinere\u0163ii<br \/>\nCei m\u00e2ntui\u0163i ve\u015fnic, se vor bucura-mpreun\u0103<br \/>\n\u00cen timp ce corzile harfelor, de imnuri r\u0103sun\u0103.<\/p>\n<p>Flavius Laurian Duverna<\/p>\n","protected":false},"excerpt":{"rendered":"<p>Cetate Prea Sf\u00e2nt\u0103!&#8230; Cetate Prea Sf\u00e2nt\u0103, \u00eenve\u015fm\u00e2ntat\u0103 \u00een rubine Ca o piatr\u0103 scump\u0103 de iaspis \u015fi m\u0103rg\u0103ritare, E\u015fti cetatea cea nou\u0103 a prea-m\u0103rirei Divine Cu-aureola cereasc\u0103-n ve\u015fnica-i s\u0103rb\u0103toare Pentru Domnul preg\u0103tit\u0103 la nunta cea mare! E\u015fti cetatea-n vremi c\u00e2ntat\u0103 de cei oropsi\u0163i Ce prin veacuri, te-au a\u015fteptat mult \u015fi dorit, S\u0103 te vad\u0103-n splendoare, fiind [&hellip;]<\/p>\n","protected":false},"author":9,"featured_media":0,"comment_status":"open","ping_status":"closed","sticky":false,"template":"","format":"standard","meta":{"_monsterinsights_skip_tracking":false,"_monsterinsights_sitenote_active":false,"_monsterinsights_sitenote_note":"","_monsterinsights_sitenote_category":0,"footnotes":""},"categories":[134,139],"tags":[8,53],"class_list":["post-5265","post","type-post","status-publish","format-standard","hentry","category-generale","category-lauda","tag-bucurie","tag-dragoste"],"_links":{"self":[{"href":"https:\/\/intercer.net\/blogs\/poeziisieditoriale\/wp-json\/wp\/v2\/posts\/5265","targetHints":{"allow":["GET"]}}],"collection":[{"href":"https:\/\/intercer.net\/blogs\/poeziisieditoriale\/wp-json\/wp\/v2\/posts"}],"about":[{"href":"https:\/\/intercer.net\/blogs\/poeziisieditoriale\/wp-json\/wp\/v2\/types\/post"}],"author":[{"embeddable":true,"href":"https:\/\/intercer.net\/blogs\/poeziisieditoriale\/wp-json\/wp\/v2\/users\/9"}],"replies":[{"embeddable":true,"href":"https:\/\/intercer.net\/blogs\/poeziisieditoriale\/wp-json\/wp\/v2\/comments?post=5265"}],"version-history":[{"count":2,"href":"https:\/\/intercer.net\/blogs\/poeziisieditoriale\/wp-json\/wp\/v2\/posts\/5265\/revisions"}],"predecessor-version":[{"id":5267,"href":"https:\/\/intercer.net\/blogs\/poeziisieditoriale\/wp-json\/wp\/v2\/posts\/5265\/revisions\/5267"}],"wp:attachment":[{"href":"https:\/\/intercer.net\/blogs\/poeziisieditoriale\/wp-json\/wp\/v2\/media?parent=5265"}],"wp:term":[{"taxonomy":"category","embeddable":true,"href":"https:\/\/intercer.net\/blogs\/poeziisieditoriale\/wp-json\/wp\/v2\/categories?post=5265"},{"taxonomy":"post_tag","embeddable":true,"href":"https:\/\/intercer.net\/blogs\/poeziisieditoriale\/wp-json\/wp\/v2\/tags?post=5265"}],"curies":[{"name":"wp","href":"https:\/\/api.w.org\/{rel}","templated":true}]}}