{"id":5268,"date":"2018-02-27T09:55:54","date_gmt":"2018-02-27T17:55:54","guid":{"rendered":"https:\/\/intercer.net\/blogs\/poeziisieditoriale\/?p=5268"},"modified":"2018-02-27T09:55:54","modified_gmt":"2018-02-27T17:55:54","slug":"ecou-de-ger-siberian","status":"publish","type":"post","link":"https:\/\/intercer.net\/blogs\/poeziisieditoriale\/natura\/ecou-de-ger-siberian.html","title":{"rendered":"Ecou de ger Siberian"},"content":{"rendered":"<p>Ecou de ger Siberian<\/p>\n<p>Pe-ale Criv\u0103\u0163ului aripi, ne-a sosit \u00een acest an<br \/>\nChiar c\u0103tre sf\u00e2r\u015fitul Iernii, gerul cel Siberian<br \/>\nPun\u00e2nd z\u0103pada \u00een straturi, drumuri a acoperit<br \/>\nTroiene l\u00e2ng\u0103 troiene, ce se-ntind la nesf\u00e2r\u015fit.<\/p>\n<p>Alb este peisajul tot, un ocean plutind \u00een zare<br \/>\nPeste el norii \u00ee\u015fi cerne, poate ultima ninsoare,<br \/>\nGata fiind Februarie, s\u0103-\u015fi-ncheie al s\u0103u timp<br \/>\nLu\u00e2nd sf\u00e2r\u015fit ultima lun\u0103, din al Iernii anotimp.<\/p>\n<p>De\u015fi z\u0103pada-i cam mult\u0103, gerul se va potoli<br \/>\nC\u0103ci zilele cresc mereu, \u015fi soarele-o va topi,<br \/>\nCalea de a preg\u0103ti, primei luni de Prim\u0103var\u0103<br \/>\nCe \u00een verde-nmiresmat\u0103, va apare peste \u0163ar\u0103.<\/p>\n<p>S\u0103-i ur\u0103m numai de bine, ca la anului Regin\u0103<br \/>\nCe preface \u0163ara toat\u0103, \u00eentr-o m\u0103noas\u0103 gr\u0103din\u0103,<br \/>\nCe treze\u015fte-n suflet dorul, de-a tr\u0103i \u00een bucurie<br \/>\nPreg\u0103ti\u0163i a fi \u00een Domnul, pentru marea ve\u015fnicie.<\/p>\n<p>Flavius Laurian Duverna<br \/>\n27 februarie 2918<\/p>\n","protected":false},"excerpt":{"rendered":"<p>Ecou de ger Siberian Pe-ale Criv\u0103\u0163ului aripi, ne-a sosit \u00een acest an Chiar c\u0103tre sf\u00e2r\u015fitul Iernii, gerul cel Siberian Pun\u00e2nd z\u0103pada \u00een straturi, drumuri a acoperit Troiene l\u00e2ng\u0103 troiene, ce se-ntind la nesf\u00e2r\u015fit. Alb este peisajul tot, un ocean plutind \u00een zare Peste el norii \u00ee\u015fi cerne, poate ultima ninsoare, Gata fiind Februarie, s\u0103-\u015fi-ncheie al [&hellip;]<\/p>\n","protected":false},"author":9,"featured_media":0,"comment_status":"open","ping_status":"closed","sticky":false,"template":"","format":"standard","meta":{"_monsterinsights_skip_tracking":false,"_monsterinsights_sitenote_active":false,"_monsterinsights_sitenote_note":"","_monsterinsights_sitenote_category":0,"footnotes":""},"categories":[134,12],"tags":[43,126,404],"class_list":["post-5268","post","type-post","status-publish","format-standard","hentry","category-generale","category-natura","tag-dumnezeu","tag-poezie","tag-vesnicie"],"_links":{"self":[{"href":"https:\/\/intercer.net\/blogs\/poeziisieditoriale\/wp-json\/wp\/v2\/posts\/5268","targetHints":{"allow":["GET"]}}],"collection":[{"href":"https:\/\/intercer.net\/blogs\/poeziisieditoriale\/wp-json\/wp\/v2\/posts"}],"about":[{"href":"https:\/\/intercer.net\/blogs\/poeziisieditoriale\/wp-json\/wp\/v2\/types\/post"}],"author":[{"embeddable":true,"href":"https:\/\/intercer.net\/blogs\/poeziisieditoriale\/wp-json\/wp\/v2\/users\/9"}],"replies":[{"embeddable":true,"href":"https:\/\/intercer.net\/blogs\/poeziisieditoriale\/wp-json\/wp\/v2\/comments?post=5268"}],"version-history":[{"count":1,"href":"https:\/\/intercer.net\/blogs\/poeziisieditoriale\/wp-json\/wp\/v2\/posts\/5268\/revisions"}],"predecessor-version":[{"id":5269,"href":"https:\/\/intercer.net\/blogs\/poeziisieditoriale\/wp-json\/wp\/v2\/posts\/5268\/revisions\/5269"}],"wp:attachment":[{"href":"https:\/\/intercer.net\/blogs\/poeziisieditoriale\/wp-json\/wp\/v2\/media?parent=5268"}],"wp:term":[{"taxonomy":"category","embeddable":true,"href":"https:\/\/intercer.net\/blogs\/poeziisieditoriale\/wp-json\/wp\/v2\/categories?post=5268"},{"taxonomy":"post_tag","embeddable":true,"href":"https:\/\/intercer.net\/blogs\/poeziisieditoriale\/wp-json\/wp\/v2\/tags?post=5268"}],"curies":[{"name":"wp","href":"https:\/\/api.w.org\/{rel}","templated":true}]}}