{"id":5344,"date":"2018-04-04T08:27:47","date_gmt":"2018-04-04T15:27:47","guid":{"rendered":"https:\/\/intercer.net\/blogs\/poeziisieditoriale\/?p=5344"},"modified":"2018-04-04T23:05:17","modified_gmt":"2018-04-05T06:05:17","slug":"au-inflorit-caisii-2","status":"publish","type":"post","link":"https:\/\/intercer.net\/blogs\/poeziisieditoriale\/natura\/au-inflorit-caisii-2.html","title":{"rendered":"Au \u00eenflorit Cai\u015fii"},"content":{"rendered":"<p>Au \u00eenflorit Cai\u015fii<\/p>\n<p>Au \u00eenflorit cai\u015fii-n zilele cu soare<br \/>\n\u015ei crengile-nc\u0103rcate sunt de flori<br \/>\nEstimp spun\u00e2nd c\u0103 vor fi roditori,<br \/>\n\u015ei salbe-n zumzetul de aripioare<br \/>\n\u015ei-au pus ca-n zilele de s\u0103rb\u0103tori!<\/p>\n<p>\u015ei-n ve\u015fminte verzi, de prim\u0103var\u0103<br \/>\nCu siluietele frumos atr\u0103g\u0103toare,<br \/>\nSc\u0103ldate-n vis \u00een razele de soare<br \/>\nNecontenit din zori p\u00e2n\u0103 \u00een sear\u0103<br \/>\nAu vizite, de oaspe\u0163i \u00een colindare.<\/p>\n<p>Sunt flutura\u015fi \u015fi albini\u0163e fel de fel<br \/>\nCu zbor gr\u0103bit din floare-n floare,<br \/>\nUn pic, n-au timp de-o r\u0103suflare;<br \/>\nPe jos \u00een iarb\u0103 trece-un g\u00e2nd\u0103cel,<br \/>\nProbabil c-a plecat dup\u0103 m\u00e2ncare.<\/p>\n<p>Prin lucru-ncepe s\u0103 pulseze via\u0163a<br \/>\nAt\u00e2tor viet\u0103\u0163i ce ele hrana-\u015fi cat\u0103,<br \/>\n\u015ei mai mult, de a fi \u015fi conservat\u0103;<br \/>\nDin zorii, care-anun\u0163\u0103 diminea\u0163a<br \/>\nP\u00e2n\u0103 seara, mul\u0163umirea-i laolalt\u0103.<\/p>\n<p>E soare cald, \u015fi totul este \u00eenviorat!<br \/>\nPlute\u015fte-n aer un balsam mirositor,<br \/>\n\u015ei c\u00e2nd inspiri, sim\u0163i ceva \u00eent\u0103ritor;<br \/>\nTabloul, e at\u00e2t de drag \u015fi minunat!<br \/>\n\u015ei el inspir\u0103 min\u0163ii, dragoste \u015fi dor.<\/p>\n<p>Pl\u0103cut \u00ee\u0163i este s\u0103 auzi \u015fi s\u0103 prive\u015fti<br \/>\nUn zumzet viu, \u00een zi de prim\u0103var\u0103<br \/>\nDin zori, p\u00een\u0103-n amurg de sear\u0103 &#8211;<br \/>\nC\u00e2nd cu natura \u00eempreun\u0103 reu\u015fe\u015fti<br \/>\nO re\u00eenviere peste anii care zboar\u0103.<\/p>\n<p>Flavius Laurian Duverna<\/p>\n","protected":false},"excerpt":{"rendered":"<p>Au \u00eenflorit Cai\u015fii Au \u00eenflorit cai\u015fii-n zilele cu soare \u015ei crengile-nc\u0103rcate sunt de flori Estimp spun\u00e2nd c\u0103 vor fi roditori, \u015ei salbe-n zumzetul de aripioare \u015ei-au pus ca-n zilele de s\u0103rb\u0103tori! \u015ei-n ve\u015fminte verzi, de prim\u0103var\u0103 Cu siluietele frumos atr\u0103g\u0103toare, Sc\u0103ldate-n vis \u00een razele de soare Necontenit din zori p\u00e2n\u0103 \u00een sear\u0103 Au vizite, de [&hellip;]<\/p>\n","protected":false},"author":9,"featured_media":0,"comment_status":"open","ping_status":"closed","sticky":false,"template":"","format":"standard","meta":{"_monsterinsights_skip_tracking":false,"_monsterinsights_sitenote_active":false,"_monsterinsights_sitenote_note":"","_monsterinsights_sitenote_category":0,"footnotes":""},"categories":[136,134,12,127],"tags":[53,209,126,401],"class_list":["post-5344","post","type-post","status-publish","format-standard","hentry","category-evenimente","category-generale","category-natura","category-speranta","tag-dragoste","tag-laurian","tag-poezie","tag-soare"],"_links":{"self":[{"href":"https:\/\/intercer.net\/blogs\/poeziisieditoriale\/wp-json\/wp\/v2\/posts\/5344","targetHints":{"allow":["GET"]}}],"collection":[{"href":"https:\/\/intercer.net\/blogs\/poeziisieditoriale\/wp-json\/wp\/v2\/posts"}],"about":[{"href":"https:\/\/intercer.net\/blogs\/poeziisieditoriale\/wp-json\/wp\/v2\/types\/post"}],"author":[{"embeddable":true,"href":"https:\/\/intercer.net\/blogs\/poeziisieditoriale\/wp-json\/wp\/v2\/users\/9"}],"replies":[{"embeddable":true,"href":"https:\/\/intercer.net\/blogs\/poeziisieditoriale\/wp-json\/wp\/v2\/comments?post=5344"}],"version-history":[{"count":2,"href":"https:\/\/intercer.net\/blogs\/poeziisieditoriale\/wp-json\/wp\/v2\/posts\/5344\/revisions"}],"predecessor-version":[{"id":5346,"href":"https:\/\/intercer.net\/blogs\/poeziisieditoriale\/wp-json\/wp\/v2\/posts\/5344\/revisions\/5346"}],"wp:attachment":[{"href":"https:\/\/intercer.net\/blogs\/poeziisieditoriale\/wp-json\/wp\/v2\/media?parent=5344"}],"wp:term":[{"taxonomy":"category","embeddable":true,"href":"https:\/\/intercer.net\/blogs\/poeziisieditoriale\/wp-json\/wp\/v2\/categories?post=5344"},{"taxonomy":"post_tag","embeddable":true,"href":"https:\/\/intercer.net\/blogs\/poeziisieditoriale\/wp-json\/wp\/v2\/tags?post=5344"}],"curies":[{"name":"wp","href":"https:\/\/api.w.org\/{rel}","templated":true}]}}