{"id":5376,"date":"2018-04-20T06:57:43","date_gmt":"2018-04-20T13:57:43","guid":{"rendered":"https:\/\/intercer.net\/blogs\/poeziisieditoriale\/?p=5376"},"modified":"2018-04-20T09:00:29","modified_gmt":"2018-04-20T16:00:29","slug":"rondelul-apararii-sfinte","status":"publish","type":"post","link":"https:\/\/intercer.net\/blogs\/poeziisieditoriale\/speranta\/rondelul-apararii-sfinte.html","title":{"rendered":"Rondelul Refugiului"},"content":{"rendered":"<p>Rondelul Refugiului<\/p>\n<p>Dumnezeu, ne este Scut \u015fi Soare<br \/>\n\u2019N via\u0163a noastr\u0103 pe acest p\u0103m\u00e2nt,<br \/>\n\u015ei-o Lumin\u0103 prin scumpul Cuv\u00e2nt<br \/>\nCe ne \u00eendrumeaz\u0103 pa\u015fii pe c\u0103rare.<\/p>\n<p>C\u00e2nd suntem supu\u015fi la \u00eencercare<br \/>\nSub furtuni mari cu vijelii \u015fi v\u00e2nt,<br \/>\nDumnezeu, ne este Scut \u015fi Soare<br \/>\n\u2019N via\u0163a noastr\u0103 pe acest p\u0103m\u00e2nt!<\/p>\n<p>El este Cetatea noastr\u0103 de salvare,<br \/>\nEl ne este reazim \u015fi refugiu sf\u00e2nt!<br \/>\nSub m\u00e2nia-i grea \u015fi-asupritoare &#8211;<br \/>\nA vr\u0103jma\u015fului distrug\u0103tor \u015fi crunt,<br \/>\nDumnezeu, ne este Scut \u015fi Soare<\/p>\n<p>\u2019N via\u0163a noastr\u0103 pe acest p\u0103m\u00e2nt!<\/p>\n<p>Flavius Laurian Duverna<br \/>\n20 aprilie 2018<\/p>\n","protected":false},"excerpt":{"rendered":"<p>Rondelul Refugiului Dumnezeu, ne este Scut \u015fi Soare \u2019N via\u0163a noastr\u0103 pe acest p\u0103m\u00e2nt, \u015ei-o Lumin\u0103 prin scumpul Cuv\u00e2nt Ce ne \u00eendrumeaz\u0103 pa\u015fii pe c\u0103rare. C\u00e2nd suntem supu\u015fi la \u00eencercare Sub furtuni mari cu vijelii \u015fi v\u00e2nt, Dumnezeu, ne este Scut \u015fi Soare \u2019N via\u0163a noastr\u0103 pe acest p\u0103m\u00e2nt! El este Cetatea noastr\u0103 de salvare, [&hellip;]<\/p>\n","protected":false},"author":9,"featured_media":0,"comment_status":"open","ping_status":"closed","sticky":false,"template":"","format":"standard","meta":{"_monsterinsights_skip_tracking":false,"_monsterinsights_sitenote_active":false,"_monsterinsights_sitenote_note":"","_monsterinsights_sitenote_category":0,"footnotes":""},"categories":[134,135,139,127],"tags":[391,226,47],"class_list":["post-5376","post","type-post","status-publish","format-standard","hentry","category-generale","category-isus-hristos","category-lauda","category-speranta","tag-cuvant","tag-pamant","tag-salvare"],"_links":{"self":[{"href":"https:\/\/intercer.net\/blogs\/poeziisieditoriale\/wp-json\/wp\/v2\/posts\/5376","targetHints":{"allow":["GET"]}}],"collection":[{"href":"https:\/\/intercer.net\/blogs\/poeziisieditoriale\/wp-json\/wp\/v2\/posts"}],"about":[{"href":"https:\/\/intercer.net\/blogs\/poeziisieditoriale\/wp-json\/wp\/v2\/types\/post"}],"author":[{"embeddable":true,"href":"https:\/\/intercer.net\/blogs\/poeziisieditoriale\/wp-json\/wp\/v2\/users\/9"}],"replies":[{"embeddable":true,"href":"https:\/\/intercer.net\/blogs\/poeziisieditoriale\/wp-json\/wp\/v2\/comments?post=5376"}],"version-history":[{"count":4,"href":"https:\/\/intercer.net\/blogs\/poeziisieditoriale\/wp-json\/wp\/v2\/posts\/5376\/revisions"}],"predecessor-version":[{"id":5381,"href":"https:\/\/intercer.net\/blogs\/poeziisieditoriale\/wp-json\/wp\/v2\/posts\/5376\/revisions\/5381"}],"wp:attachment":[{"href":"https:\/\/intercer.net\/blogs\/poeziisieditoriale\/wp-json\/wp\/v2\/media?parent=5376"}],"wp:term":[{"taxonomy":"category","embeddable":true,"href":"https:\/\/intercer.net\/blogs\/poeziisieditoriale\/wp-json\/wp\/v2\/categories?post=5376"},{"taxonomy":"post_tag","embeddable":true,"href":"https:\/\/intercer.net\/blogs\/poeziisieditoriale\/wp-json\/wp\/v2\/tags?post=5376"}],"curies":[{"name":"wp","href":"https:\/\/api.w.org\/{rel}","templated":true}]}}