{"id":5415,"date":"2018-05-06T07:41:36","date_gmt":"2018-05-06T14:41:36","guid":{"rendered":"https:\/\/intercer.net\/blogs\/poeziisieditoriale\/?p=5415"},"modified":"2018-05-06T07:41:36","modified_gmt":"2018-05-06T14:41:36","slug":"adancul-dragostei-sublime-2","status":"publish","type":"post","link":"https:\/\/intercer.net\/blogs\/poeziisieditoriale\/isus-hristos\/adancul-dragostei-sublime-2.html","title":{"rendered":"Ad\u00e2ncul Dragostei sublime"},"content":{"rendered":"<p>Ad\u00e2ncul Dragostei sublime<\/p>\n<p>Ad\u00e2ncul Dragostei sublime<br \/>\nE un izvor viu, de nesecat<br \/>\nDin care se bea ne-ncetat,<br \/>\n\u015ei nu va scade \u00een m\u0103rime<br \/>\nSupus vremii, de cercetat.<\/p>\n<p>C\u0103ci \u00een imensa-i ad\u00e2ncime<br \/>\nVa fi-un mister de studiat &#8211;<br \/>\nPentru p\u00e2m\u00e2ntul nou creat<br \/>\n\u015ei-o lume-n sf\u00e2nt\u0103 iste\u0163ime,<br \/>\nCe-l vor spori, aprofundat.<\/p>\n<p>Ad\u00e2ncul Dragostei sublime<br \/>\nE un mister, de ne-nt\u00e2lnit<br \/>\nAscuns \u00een Cel Nem\u0103rginit,<br \/>\n\u015ei mintea prin a ei micime<br \/>\nNu-i poate-ajunge-n infinit.<\/p>\n<p>\u00cen cercet\u0103rile care-s infime,<br \/>\nStagneaz\u0103-n scopul urm\u0103rit<br \/>\nPrin str\u0103duin\u0163a-n nesf\u00e2r\u015fit<br \/>\nDe-a dezlega taine divine,<br \/>\nPentruc\u0103 omu-i&#8230; m\u0103rginit.<\/p>\n<p>\u015ei nimeni, ce-ar dori s\u0103 \u015ftie<br \/>\nCe calcule I-au stat la baz\u0103,<br \/>\n\u015ei prin cuv\u00e2ntul Ei creeaz\u0103,<br \/>\nN-o va-n\u0163elege-n m\u0103iestrie<br \/>\nPrin taina ascuns\u0103 ce viaz\u0103,<\/p>\n<p>Cum S-a n\u0103scut din ve\u015fnicie,<br \/>\n\u015ei pentru bine Ea lucreaz\u0103 &#8211;<br \/>\n\u015ei-n raze de-aur, lumineaz\u0103,<br \/>\nSpre-a \u0163ine toate-n armonie<br \/>\n\u015ei-a omului con\u015ftiin\u0163\u0103 treaz\u0103.<\/p>\n<p>Flavius Laurian Duverna<\/p>\n","protected":false},"excerpt":{"rendered":"<p>Ad\u00e2ncul Dragostei sublime Ad\u00e2ncul Dragostei sublime E un izvor viu, de nesecat Din care se bea ne-ncetat, \u015ei nu va scade \u00een m\u0103rime Supus vremii, de cercetat. C\u0103ci \u00een imensa-i ad\u00e2ncime Va fi-un mister de studiat &#8211; Pentru p\u00e2m\u00e2ntul nou creat \u015ei-o lume-n sf\u00e2nt\u0103 iste\u0163ime, Ce-l vor spori, aprofundat. Ad\u00e2ncul Dragostei sublime E un mister, [&hellip;]<\/p>\n","protected":false},"author":9,"featured_media":0,"comment_status":"open","ping_status":"closed","sticky":false,"template":"","format":"standard","meta":{"_monsterinsights_skip_tracking":false,"_monsterinsights_sitenote_active":false,"_monsterinsights_sitenote_note":"","_monsterinsights_sitenote_category":0,"footnotes":""},"categories":[135,139],"tags":[53,215,126],"class_list":["post-5415","post","type-post","status-publish","format-standard","hentry","category-isus-hristos","category-lauda","tag-dragoste","tag-duverna","tag-poezie"],"_links":{"self":[{"href":"https:\/\/intercer.net\/blogs\/poeziisieditoriale\/wp-json\/wp\/v2\/posts\/5415","targetHints":{"allow":["GET"]}}],"collection":[{"href":"https:\/\/intercer.net\/blogs\/poeziisieditoriale\/wp-json\/wp\/v2\/posts"}],"about":[{"href":"https:\/\/intercer.net\/blogs\/poeziisieditoriale\/wp-json\/wp\/v2\/types\/post"}],"author":[{"embeddable":true,"href":"https:\/\/intercer.net\/blogs\/poeziisieditoriale\/wp-json\/wp\/v2\/users\/9"}],"replies":[{"embeddable":true,"href":"https:\/\/intercer.net\/blogs\/poeziisieditoriale\/wp-json\/wp\/v2\/comments?post=5415"}],"version-history":[{"count":1,"href":"https:\/\/intercer.net\/blogs\/poeziisieditoriale\/wp-json\/wp\/v2\/posts\/5415\/revisions"}],"predecessor-version":[{"id":5416,"href":"https:\/\/intercer.net\/blogs\/poeziisieditoriale\/wp-json\/wp\/v2\/posts\/5415\/revisions\/5416"}],"wp:attachment":[{"href":"https:\/\/intercer.net\/blogs\/poeziisieditoriale\/wp-json\/wp\/v2\/media?parent=5415"}],"wp:term":[{"taxonomy":"category","embeddable":true,"href":"https:\/\/intercer.net\/blogs\/poeziisieditoriale\/wp-json\/wp\/v2\/categories?post=5415"},{"taxonomy":"post_tag","embeddable":true,"href":"https:\/\/intercer.net\/blogs\/poeziisieditoriale\/wp-json\/wp\/v2\/tags?post=5415"}],"curies":[{"name":"wp","href":"https:\/\/api.w.org\/{rel}","templated":true}]}}