{"id":5422,"date":"2018-05-10T05:24:39","date_gmt":"2018-05-10T12:24:39","guid":{"rendered":"https:\/\/intercer.net\/blogs\/poeziisieditoriale\/?p=5422"},"modified":"2018-05-10T05:24:39","modified_gmt":"2018-05-10T12:24:39","slug":"consolare-2","status":"publish","type":"post","link":"https:\/\/intercer.net\/blogs\/poeziisieditoriale\/isus-hristos\/consolare-2.html","title":{"rendered":"Consolare&#8230;"},"content":{"rendered":"<p>Consolare&#8230;<\/p>\n<p>C\u00e2nd azi tu suferi greu, sub jalnic\u0103 durere,<br \/>\nC\u00e2nd sufletul \u0163i-e trist, \u015fi \u00eenfiorat de team\u0103,<br \/>\nPrin rug\u0103ciune-n umilin\u0163\u0103, cu credin\u0163\u0103 cere,<br \/>\nCa Dumnezeu s\u0103 te-aib\u0103-n grj\u0103 \u015fi \u00een seam\u0103<br \/>\nAtunci, c\u00e2nd lacrimile-\u0163i strig\u0103 \u015fi \u00cel cheam\u0103.<\/p>\n<p>C\u00e2nd istovit, nu ai puteri ca s\u0103 rezi\u015fti o zi,<br \/>\nC\u00e2nd ochii pl\u00e2n\u015fi sunt plini de multe lacrimi,<br \/>\nAtunci e timpul, s\u0103 po\u0163i spune Lui ce ai dori,<br \/>\nDar nu uita pe Domnul t\u0103u, \u00een grele patimi,<br \/>\nPrivind la cruce, nu ai de ce ca s\u0103 te clatini!<\/p>\n<p>Acum, po\u0163i privi chiar dincolo de suferin\u0163e<br \/>\nPentru c\u0103 tu \u015ftii c\u0103 ele, oric\u00e2t ar fi de mari,<br \/>\nExist\u0103 trepte urc\u00e2nd spre culmi de biruin\u0163e,<br \/>\nCe dau curaj, la to\u0163i cei \u00eencerca\u0163i s\u0103 fie tari<br \/>\nC\u0103ci numai astfel ei devin, maie\u015ftri f\u0103urari.<\/p>\n<p>\u015ei-astfel, e drept s\u0103 \u015ftii c\u0103 chiar \u00een ciuda lor,<br \/>\nExist\u0103-un Dumnezeu ce-n mila-I te p\u0103ze\u015fte,<br \/>\n\u015ei Dumnezeu, ce-a fost din ve\u015fnicie iubitor,<br \/>\nDe-a dat pe singurul Lui Fiu, El te iube\u015fte<br \/>\n\u015ei-n dragostea-I nem\u0103rginit\u0103 te c\u0103l\u0103uze\u015fte!<\/p>\n<p>\u015ei numai El va pune cap\u0103t, tuturor durerilor,<br \/>\n\u00cen ziua aceea scump\u0103, prea mult n\u0103d\u0103jduit\u0103;<br \/>\n\u00cen ciuda, oric\u0103rei teorii filozofice-a p\u0103rerilor,<br \/>\nMoartea se va sf\u00e2r\u015fi, fiind de via\u0163\u0103 \u00eenghi\u0163it\u0103<br \/>\n\u015ei-o er\u0103 nou\u0103, era ve\u015fniciei&#8230; va fi instituit\u0103.<\/p>\n<p>\u00cen ziua aceea, c\u00e2nd suferin\u0163ele vor fi uitate,<br \/>\n\u015ei tot ce-a fost aici, dureri \u015fi chinuri \u015fi amar,<br \/>\nNemaifiind, vei intona imnuri c\u00e2t mai bogate<br \/>\nSpre slava Celui, ce Fiul S\u0103u ne-a dat \u00een dar,<br \/>\nPrin neprih\u0103nirea Sa, pe crucea de la Calvar.<\/p>\n<p>Flavius Laurian Duverna<\/p>\n","protected":false},"excerpt":{"rendered":"<p>Consolare&#8230; C\u00e2nd azi tu suferi greu, sub jalnic\u0103 durere, C\u00e2nd sufletul \u0163i-e trist, \u015fi \u00eenfiorat de team\u0103, Prin rug\u0103ciune-n umilin\u0163\u0103, cu credin\u0163\u0103 cere, Ca Dumnezeu s\u0103 te-aib\u0103-n grj\u0103 \u015fi \u00een seam\u0103 Atunci, c\u00e2nd lacrimile-\u0163i strig\u0103 \u015fi \u00cel cheam\u0103. C\u00e2nd istovit, nu ai puteri ca s\u0103 rezi\u015fti o zi, C\u00e2nd ochii pl\u00e2n\u015fi sunt plini de multe [&hellip;]<\/p>\n","protected":false},"author":9,"featured_media":0,"comment_status":"open","ping_status":"closed","sticky":false,"template":"","format":"standard","meta":{"_monsterinsights_skip_tracking":false,"_monsterinsights_sitenote_active":false,"_monsterinsights_sitenote_note":"","_monsterinsights_sitenote_category":0,"footnotes":""},"categories":[136,135],"tags":[347,224,43,85,126],"class_list":["post-5422","post","type-post","status-publish","format-standard","hentry","category-evenimente","category-isus-hristos","tag-biruinta","tag-calvar","tag-dumnezeu","tag-neprihanire","tag-poezie"],"_links":{"self":[{"href":"https:\/\/intercer.net\/blogs\/poeziisieditoriale\/wp-json\/wp\/v2\/posts\/5422","targetHints":{"allow":["GET"]}}],"collection":[{"href":"https:\/\/intercer.net\/blogs\/poeziisieditoriale\/wp-json\/wp\/v2\/posts"}],"about":[{"href":"https:\/\/intercer.net\/blogs\/poeziisieditoriale\/wp-json\/wp\/v2\/types\/post"}],"author":[{"embeddable":true,"href":"https:\/\/intercer.net\/blogs\/poeziisieditoriale\/wp-json\/wp\/v2\/users\/9"}],"replies":[{"embeddable":true,"href":"https:\/\/intercer.net\/blogs\/poeziisieditoriale\/wp-json\/wp\/v2\/comments?post=5422"}],"version-history":[{"count":1,"href":"https:\/\/intercer.net\/blogs\/poeziisieditoriale\/wp-json\/wp\/v2\/posts\/5422\/revisions"}],"predecessor-version":[{"id":5423,"href":"https:\/\/intercer.net\/blogs\/poeziisieditoriale\/wp-json\/wp\/v2\/posts\/5422\/revisions\/5423"}],"wp:attachment":[{"href":"https:\/\/intercer.net\/blogs\/poeziisieditoriale\/wp-json\/wp\/v2\/media?parent=5422"}],"wp:term":[{"taxonomy":"category","embeddable":true,"href":"https:\/\/intercer.net\/blogs\/poeziisieditoriale\/wp-json\/wp\/v2\/categories?post=5422"},{"taxonomy":"post_tag","embeddable":true,"href":"https:\/\/intercer.net\/blogs\/poeziisieditoriale\/wp-json\/wp\/v2\/tags?post=5422"}],"curies":[{"name":"wp","href":"https:\/\/api.w.org\/{rel}","templated":true}]}}