{"id":5445,"date":"2018-05-17T03:31:08","date_gmt":"2018-05-17T10:31:08","guid":{"rendered":"https:\/\/intercer.net\/blogs\/poeziisieditoriale\/?p=5445"},"modified":"2018-05-17T03:31:08","modified_gmt":"2018-05-17T10:31:08","slug":"rondelul-iubirii-divine","status":"publish","type":"post","link":"https:\/\/intercer.net\/blogs\/poeziisieditoriale\/isus-hristos\/rondelul-iubirii-divine.html","title":{"rendered":"Rondelul Iubirii Divine"},"content":{"rendered":"<p>Rondelul Iubirii Divine<\/p>\n<p>Nem\u0103surabila Doamne Iubire<br \/>\nNoi zilnic o vedem sub soare<br \/>\nPrin opera-\u0162i, cea creatoare &#8211;<br \/>\nCum slava-\u015ei \u2019nal\u0163\u0103 \u00een m\u0103rire.<\/p>\n<p>De Ea vorbe\u015fte&#8230; -a Ta zidire<br \/>\nPrin ve\u015fnica-i-nfrumuse\u0163are,<br \/>\nNem\u0103surabila Doamne Iubire<br \/>\nNoi zilnic o vedem sub soare!<\/p>\n<p>Spre slava gloriei \u00een primenire<br \/>\nEa str\u0103luce\u015fte-n contemplare<br \/>\nPrin existen\u0163a-n haru-\u0162i mare<br \/>\nCare-l rever\u015fi peste-omenire &#8211;<br \/>\nNem\u0103surabila, Doamne Iubire<\/p>\n<p>Noi zilnic o vedem sub soare!<\/p>\n<p>Flavius Laurian Duverna<br \/>\n17 mai 2018<\/p>\n","protected":false},"excerpt":{"rendered":"<p>Rondelul Iubirii Divine Nem\u0103surabila Doamne Iubire Noi zilnic o vedem sub soare Prin opera-\u0162i, cea creatoare &#8211; Cum slava-\u015ei \u2019nal\u0163\u0103 \u00een m\u0103rire. De Ea vorbe\u015fte&#8230; -a Ta zidire Prin ve\u015fnica-i-nfrumuse\u0163are, Nem\u0103surabila Doamne Iubire Noi zilnic o vedem sub soare! Spre slava gloriei \u00een primenire Ea str\u0103luce\u015fte-n contemplare Prin existen\u0163a-n haru-\u0162i mare Care-l rever\u015fi peste-omenire &#8211; [&hellip;]<\/p>\n","protected":false},"author":9,"featured_media":0,"comment_status":"open","ping_status":"closed","sticky":false,"template":"","format":"standard","meta":{"_monsterinsights_skip_tracking":false,"_monsterinsights_sitenote_active":false,"_monsterinsights_sitenote_note":"","_monsterinsights_sitenote_category":0,"footnotes":""},"categories":[135,139],"tags":[471,31,126],"class_list":["post-5445","post","type-post","status-publish","format-standard","hentry","category-isus-hristos","category-lauda","tag-creator","tag-iubire","tag-poezie"],"_links":{"self":[{"href":"https:\/\/intercer.net\/blogs\/poeziisieditoriale\/wp-json\/wp\/v2\/posts\/5445","targetHints":{"allow":["GET"]}}],"collection":[{"href":"https:\/\/intercer.net\/blogs\/poeziisieditoriale\/wp-json\/wp\/v2\/posts"}],"about":[{"href":"https:\/\/intercer.net\/blogs\/poeziisieditoriale\/wp-json\/wp\/v2\/types\/post"}],"author":[{"embeddable":true,"href":"https:\/\/intercer.net\/blogs\/poeziisieditoriale\/wp-json\/wp\/v2\/users\/9"}],"replies":[{"embeddable":true,"href":"https:\/\/intercer.net\/blogs\/poeziisieditoriale\/wp-json\/wp\/v2\/comments?post=5445"}],"version-history":[{"count":1,"href":"https:\/\/intercer.net\/blogs\/poeziisieditoriale\/wp-json\/wp\/v2\/posts\/5445\/revisions"}],"predecessor-version":[{"id":5446,"href":"https:\/\/intercer.net\/blogs\/poeziisieditoriale\/wp-json\/wp\/v2\/posts\/5445\/revisions\/5446"}],"wp:attachment":[{"href":"https:\/\/intercer.net\/blogs\/poeziisieditoriale\/wp-json\/wp\/v2\/media?parent=5445"}],"wp:term":[{"taxonomy":"category","embeddable":true,"href":"https:\/\/intercer.net\/blogs\/poeziisieditoriale\/wp-json\/wp\/v2\/categories?post=5445"},{"taxonomy":"post_tag","embeddable":true,"href":"https:\/\/intercer.net\/blogs\/poeziisieditoriale\/wp-json\/wp\/v2\/tags?post=5445"}],"curies":[{"name":"wp","href":"https:\/\/api.w.org\/{rel}","templated":true}]}}