{"id":5450,"date":"2018-05-18T07:39:04","date_gmt":"2018-05-18T14:39:04","guid":{"rendered":"https:\/\/intercer.net\/blogs\/poeziisieditoriale\/?p=5450"},"modified":"2018-05-18T07:39:04","modified_gmt":"2018-05-18T14:39:04","slug":"glosa-de-primavara","status":"publish","type":"post","link":"https:\/\/intercer.net\/blogs\/poeziisieditoriale\/natura\/glosa-de-primavara.html","title":{"rendered":"Glos\u0103 de Prim\u0103var\u0103"},"content":{"rendered":"<p>Glos\u0103 de Prim\u0103var\u0103<\/p>\n<p>Cu flori m\u00e2ndre-mpodobit\u0103<br \/>\n&#8211; La poarta Gliei, ce-i trezit\u0103,<br \/>\nDin lunga iarn\u0103, adormit\u0103<br \/>\nSub plapuma-i alb\u0103 \u00eenvelit\u0103 &#8211;<br \/>\nVenit-a scumpa Prim\u0103var\u0103,<br \/>\nCu frumuse\u0163ea ei cea rar\u0103.<\/p>\n<p>\u00cen verde&#8230; paji\u015ftea e-n c\u00e2nt<br \/>\nIar codrul \u00een fream\u0103t de v\u00e2nt<br \/>\nPare c-ar spune un cuv\u00e2nt<br \/>\nPlec\u00e2ndu-se \u00eenspre p\u0103m\u00e2nt,<br \/>\nAr\u0103t\u00e2nd haina mult dorit\u0103 &#8211;<br \/>\nCu flori m\u00e2ndre-mpodobit\u0103.<\/p>\n<p>Un zumzet de albin\u0103 aduce<br \/>\nMireasma florilor ce duce<br \/>\n\u00cen viers de p\u0103s\u0103rele, dulce<br \/>\nCa pruncului nani s\u0103-l culce,<br \/>\n\u00cen suflet pacea&#8230; ce-i tr\u0103it\u0103<br \/>\nLa poarta Gliei, ce-i trezit\u0103.<\/p>\n<p>Sub Soarele-n raze de aur<br \/>\n\u015ei-mpletind cununi de laur<br \/>\n\u00cen vesele c\u00e2nt\u0103ri de graur &#8211;<br \/>\nS\u0103 creasc\u0103 bogatu-i tezaur,<br \/>\nPrvind nutri\u0163ia, alimentar\u0103<br \/>\nVenit-a scumpa Prim\u0103var\u0103!<\/p>\n<p>Ea ne-aminte\u015fte de-nnoire<br \/>\nCum Domnul \u00een or\u00e2nduire<br \/>\nDemonstrat\u0103 prin Iubire &#8211;<br \/>\nR\u0103spunz\u00e2nd de-a Sa zidire<br \/>\nEl a decis\u2026 ca ea s-apar\u0103<br \/>\nCu frumuse\u0163ea ei cea rar\u0103.<\/p>\n<p>Cu frumuse\u0163ea ei cea rar\u0103<br \/>\nVenit-a scumpa Prim\u0103var\u0103<br \/>\n&#8211; Sub plapuma-i alb\u0103 \u00eenvelit\u0103<br \/>\nDin lunga iarn\u0103 adormit\u0103<br \/>\nLa poarta Gliei, ce-i trezit\u0103 &#8211;<br \/>\nCu flori m\u00e2ndre-mpodobit\u0103.<\/p>\n<p>Flavius Laurian Duverna<br \/>\n18 mai 2018<\/p>\n","protected":false},"excerpt":{"rendered":"<p>Glos\u0103 de Prim\u0103var\u0103 Cu flori m\u00e2ndre-mpodobit\u0103 &#8211; La poarta Gliei, ce-i trezit\u0103, Din lunga iarn\u0103, adormit\u0103 Sub plapuma-i alb\u0103 \u00eenvelit\u0103 &#8211; Venit-a scumpa Prim\u0103var\u0103, Cu frumuse\u0163ea ei cea rar\u0103. \u00cen verde&#8230; paji\u015ftea e-n c\u00e2nt Iar codrul \u00een fream\u0103t de v\u00e2nt Pare c-ar spune un cuv\u00e2nt Plec\u00e2ndu-se \u00eenspre p\u0103m\u00e2nt, Ar\u0103t\u00e2nd haina mult dorit\u0103 &#8211; Cu flori [&hellip;]<\/p>\n","protected":false},"author":9,"featured_media":0,"comment_status":"open","ping_status":"closed","sticky":false,"template":"","format":"standard","meta":{"_monsterinsights_skip_tracking":false,"_monsterinsights_sitenote_active":false,"_monsterinsights_sitenote_note":"","_monsterinsights_sitenote_category":0,"footnotes":""},"categories":[135,139,12],"tags":[391,208,31,226],"class_list":["post-5450","post","type-post","status-publish","format-standard","hentry","category-isus-hristos","category-lauda","category-natura","tag-cuvant","tag-flavius","tag-iubire","tag-pamant"],"_links":{"self":[{"href":"https:\/\/intercer.net\/blogs\/poeziisieditoriale\/wp-json\/wp\/v2\/posts\/5450","targetHints":{"allow":["GET"]}}],"collection":[{"href":"https:\/\/intercer.net\/blogs\/poeziisieditoriale\/wp-json\/wp\/v2\/posts"}],"about":[{"href":"https:\/\/intercer.net\/blogs\/poeziisieditoriale\/wp-json\/wp\/v2\/types\/post"}],"author":[{"embeddable":true,"href":"https:\/\/intercer.net\/blogs\/poeziisieditoriale\/wp-json\/wp\/v2\/users\/9"}],"replies":[{"embeddable":true,"href":"https:\/\/intercer.net\/blogs\/poeziisieditoriale\/wp-json\/wp\/v2\/comments?post=5450"}],"version-history":[{"count":1,"href":"https:\/\/intercer.net\/blogs\/poeziisieditoriale\/wp-json\/wp\/v2\/posts\/5450\/revisions"}],"predecessor-version":[{"id":5451,"href":"https:\/\/intercer.net\/blogs\/poeziisieditoriale\/wp-json\/wp\/v2\/posts\/5450\/revisions\/5451"}],"wp:attachment":[{"href":"https:\/\/intercer.net\/blogs\/poeziisieditoriale\/wp-json\/wp\/v2\/media?parent=5450"}],"wp:term":[{"taxonomy":"category","embeddable":true,"href":"https:\/\/intercer.net\/blogs\/poeziisieditoriale\/wp-json\/wp\/v2\/categories?post=5450"},{"taxonomy":"post_tag","embeddable":true,"href":"https:\/\/intercer.net\/blogs\/poeziisieditoriale\/wp-json\/wp\/v2\/tags?post=5450"}],"curies":[{"name":"wp","href":"https:\/\/api.w.org\/{rel}","templated":true}]}}