{"id":5585,"date":"2018-08-24T05:25:44","date_gmt":"2018-08-24T12:25:44","guid":{"rendered":"https:\/\/intercer.net\/blogs\/poeziisieditoriale\/?p=5585"},"modified":"2018-08-24T05:26:32","modified_gmt":"2018-08-24T12:26:32","slug":"ascunsa-a-fost-taina","status":"publish","type":"post","link":"https:\/\/intercer.net\/blogs\/poeziisieditoriale\/isus-hristos\/ascunsa-a-fost-taina.html","title":{"rendered":"Ascuns\u0103 a fost Taina&#8230;"},"content":{"rendered":"<p>Ascuns\u0103 a fost Taina&#8230;<\/p>\n<p>Ascuns\u0103 a fost Taina mare<br \/>\nTaina cea sf\u00e2nt-a m\u00e2ntuirii<br \/>\nPrin \u00eemplinirea-i salvatoare<br \/>\n\u00cen lumea cea neprimitoare,<br \/>\nLa Golgota-n pre\u0163ul Jertfirii.<\/p>\n<p>De-a-lungul veacurilor multe<br \/>\nCe-au str\u0103lucit \u00een m\u00e2ng\u00e2ieri,<br \/>\nNe-a \u00eent\u0103rit speran\u0163a sf\u00e2nt\u0103<br \/>\n\u015ei inima noastr\u0103 azi c\u00e2nt\u0103,<br \/>\nC-am fost salva\u0163i din dureri.<\/p>\n<p>Ascuns\u0103 a fost Taina mare<br \/>\nPrin \u00eemplinirea cea m\u0103rea\u0163\u0103<br \/>\nPe lemnul crucii-n r\u0103stignire,<br \/>\nSalv\u00e2nd lumea, de la pieire<br \/>\nCa iar din nou s\u0103 avem via\u0163\u0103.<\/p>\n<p>Astfel s-a dezlegat misterul<br \/>\nC\u0103 dragostea-n neprih\u0103nire<br \/>\n\u00cemplinind sf\u00e2nta f\u0103g\u0103duin\u0163\u0103<br \/>\nF\u0103r\u0103 de fapte, prin credin\u0163\u0103,<br \/>\nPrin har ne-aduce m\u00e2ntuire.<\/p>\n<p>Ascuns\u0103 a fost Taina mare<br \/>\nTaina cea scump\u0103 a salv\u0103rii,<br \/>\nPrin marea Jertf\u0103 a-mplinirii<br \/>\nRestaur\u00e2nd ordinea&#8230; zidirii,<br \/>\nPl\u0103tind pre\u0163ul r\u0103scump\u0103r\u0103rii.<\/p>\n<p>S-a demonstrat lumilor toate<br \/>\nEnigma cea sf\u00e2nt\u0103-a Iubirii,<br \/>\nAt\u00e2tea veacuri, ne-n\u0163eleas\u0103,<br \/>\nAt\u00e2t de scump\u0103 \u015fi frumoas\u0103,<br \/>\nCe-nseamn\u0103 harul m\u00e2ntuirii.<\/p>\n<p>Flavius Laurian Duverna<\/p>\n","protected":false},"excerpt":{"rendered":"<p>Ascuns\u0103 a fost Taina&#8230; Ascuns\u0103 a fost Taina mare Taina cea sf\u00e2nt-a m\u00e2ntuirii Prin \u00eemplinirea-i salvatoare \u00cen lumea cea neprimitoare, La Golgota-n pre\u0163ul Jertfirii. De-a-lungul veacurilor multe Ce-au str\u0103lucit \u00een m\u00e2ng\u00e2ieri, Ne-a \u00eent\u0103rit speran\u0163a sf\u00e2nt\u0103 \u015ei inima noastr\u0103 azi c\u00e2nt\u0103, C-am fost salva\u0163i din dureri. Ascuns\u0103 a fost Taina mare Prin \u00eemplinirea cea m\u0103rea\u0163\u0103 Pe [&hellip;]<\/p>\n","protected":false},"author":9,"featured_media":0,"comment_status":"open","ping_status":"closed","sticky":false,"template":"","format":"standard","meta":{"_monsterinsights_skip_tracking":false,"_monsterinsights_sitenote_active":false,"_monsterinsights_sitenote_note":"","_monsterinsights_sitenote_category":0,"footnotes":""},"categories":[135,139],"tags":[7,245,209,300,214,85,126],"class_list":["post-5585","post","type-post","status-publish","format-standard","hentry","category-isus-hristos","category-lauda","tag-credinta","tag-golgota","tag-laurian","tag-mangaiere","tag-mantuire","tag-neprihanire","tag-poezie"],"_links":{"self":[{"href":"https:\/\/intercer.net\/blogs\/poeziisieditoriale\/wp-json\/wp\/v2\/posts\/5585","targetHints":{"allow":["GET"]}}],"collection":[{"href":"https:\/\/intercer.net\/blogs\/poeziisieditoriale\/wp-json\/wp\/v2\/posts"}],"about":[{"href":"https:\/\/intercer.net\/blogs\/poeziisieditoriale\/wp-json\/wp\/v2\/types\/post"}],"author":[{"embeddable":true,"href":"https:\/\/intercer.net\/blogs\/poeziisieditoriale\/wp-json\/wp\/v2\/users\/9"}],"replies":[{"embeddable":true,"href":"https:\/\/intercer.net\/blogs\/poeziisieditoriale\/wp-json\/wp\/v2\/comments?post=5585"}],"version-history":[{"count":1,"href":"https:\/\/intercer.net\/blogs\/poeziisieditoriale\/wp-json\/wp\/v2\/posts\/5585\/revisions"}],"predecessor-version":[{"id":5586,"href":"https:\/\/intercer.net\/blogs\/poeziisieditoriale\/wp-json\/wp\/v2\/posts\/5585\/revisions\/5586"}],"wp:attachment":[{"href":"https:\/\/intercer.net\/blogs\/poeziisieditoriale\/wp-json\/wp\/v2\/media?parent=5585"}],"wp:term":[{"taxonomy":"category","embeddable":true,"href":"https:\/\/intercer.net\/blogs\/poeziisieditoriale\/wp-json\/wp\/v2\/categories?post=5585"},{"taxonomy":"post_tag","embeddable":true,"href":"https:\/\/intercer.net\/blogs\/poeziisieditoriale\/wp-json\/wp\/v2\/tags?post=5585"}],"curies":[{"name":"wp","href":"https:\/\/api.w.org\/{rel}","templated":true}]}}