{"id":5590,"date":"2018-08-31T06:13:20","date_gmt":"2018-08-31T13:13:20","guid":{"rendered":"https:\/\/intercer.net\/blogs\/poeziisieditoriale\/?p=5590"},"modified":"2018-08-31T06:13:20","modified_gmt":"2018-08-31T13:13:20","slug":"cu-tine-doamne-nu-ma-tem","status":"publish","type":"post","link":"https:\/\/intercer.net\/blogs\/poeziisieditoriale\/speranta\/cu-tine-doamne-nu-ma-tem.html","title":{"rendered":"Cu Tine Doamne, nu m\u0103 tem!"},"content":{"rendered":"<p>Cu Tine Doamne, nu m\u0103 tem!<\/p>\n<p>Cu Tine Doamne, nu m\u0103 tem<br \/>\nPrin r\u00e2uri repezi de a\u015f trece<br \/>\nCu-amenin\u0163\u0103ri s\u0103 m\u0103 \u00eennece,<br \/>\nL\u00e2ng\u0103 mine, atunci Te chem<br \/>\nDe-a m\u0103 purta prin valul rece<br \/>\nCe-n fa\u0163a Ta, poate s\u0103 sece &#8211;<br \/>\nE\u015fti Dumnezeu unic Suprem!<\/p>\n<p>Cu Tine Doamne, nu m\u0103 tem<br \/>\nPe m\u0103ri cu valuri spumegate<br \/>\nC\u00e2nd bat la \u0163\u0103rm \u00eenver\u015funate,<br \/>\nLa dreapta-mi atunci Te chem<br \/>\nS\u0103-mi fii al\u0103turi, mai departe<br \/>\nCa Scut \u015fi Pav\u0103z\u0103-ncercate &#8211;<br \/>\nCu-al vie\u0163ii p\u0103cat \u015fi blestem!<\/p>\n<p>Cu Tine Doamne, nu m\u0103 tem<br \/>\nPrin foc aprins, de a\u015f trecea<br \/>\n\u00cen jaru-arz\u00e2nd n-a\u015f disp\u0103rea,<br \/>\nC\u0103ci l\u00e2ng\u0103 mine, eu Te chem<br \/>\nLa glasul meu vei priveghea<br \/>\n\u015ei \u00eengeri buni m\u0103 vor vedea,<br \/>\nE\u015fti Dumnezeu unic Suprem!<\/p>\n<p>Cu Tine Doamne, nu m\u0103 tem<br \/>\nChiar mun\u0163ii to\u0163i de s-ar mi\u015fca<br \/>\n\u015ei-n fund de m\u0103ri s-ar arunca,<br \/>\nLa dreapta-mi atunci Te chem<br \/>\nPrin haru-\u0162i sf\u00e2nt a m\u0103 salva,<br \/>\nPrin Jertfa-\u0162i dat\u0103, la Golgota<br \/>\nCa via\u0163\u0103 s\u0103 am&#8230; din blestem!<\/p>\n<p>Flavius Laurian Duverna<\/p>\n","protected":false},"excerpt":{"rendered":"<p>Cu Tine Doamne, nu m\u0103 tem! Cu Tine Doamne, nu m\u0103 tem Prin r\u00e2uri repezi de a\u015f trece Cu-amenin\u0163\u0103ri s\u0103 m\u0103 \u00eennece, L\u00e2ng\u0103 mine, atunci Te chem De-a m\u0103 purta prin valul rece Ce-n fa\u0163a Ta, poate s\u0103 sece &#8211; E\u015fti Dumnezeu unic Suprem! Cu Tine Doamne, nu m\u0103 tem Pe m\u0103ri cu valuri spumegate [&hellip;]<\/p>\n","protected":false},"author":9,"featured_media":0,"comment_status":"open","ping_status":"closed","sticky":false,"template":"","format":"standard","meta":{"_monsterinsights_skip_tracking":false,"_monsterinsights_sitenote_active":false,"_monsterinsights_sitenote_note":"","_monsterinsights_sitenote_category":0,"footnotes":""},"categories":[136,135,139,127],"tags":[43,245,209,126],"class_list":["post-5590","post","type-post","status-publish","format-standard","hentry","category-evenimente","category-isus-hristos","category-lauda","category-speranta","tag-dumnezeu","tag-golgota","tag-laurian","tag-poezie"],"_links":{"self":[{"href":"https:\/\/intercer.net\/blogs\/poeziisieditoriale\/wp-json\/wp\/v2\/posts\/5590","targetHints":{"allow":["GET"]}}],"collection":[{"href":"https:\/\/intercer.net\/blogs\/poeziisieditoriale\/wp-json\/wp\/v2\/posts"}],"about":[{"href":"https:\/\/intercer.net\/blogs\/poeziisieditoriale\/wp-json\/wp\/v2\/types\/post"}],"author":[{"embeddable":true,"href":"https:\/\/intercer.net\/blogs\/poeziisieditoriale\/wp-json\/wp\/v2\/users\/9"}],"replies":[{"embeddable":true,"href":"https:\/\/intercer.net\/blogs\/poeziisieditoriale\/wp-json\/wp\/v2\/comments?post=5590"}],"version-history":[{"count":1,"href":"https:\/\/intercer.net\/blogs\/poeziisieditoriale\/wp-json\/wp\/v2\/posts\/5590\/revisions"}],"predecessor-version":[{"id":5591,"href":"https:\/\/intercer.net\/blogs\/poeziisieditoriale\/wp-json\/wp\/v2\/posts\/5590\/revisions\/5591"}],"wp:attachment":[{"href":"https:\/\/intercer.net\/blogs\/poeziisieditoriale\/wp-json\/wp\/v2\/media?parent=5590"}],"wp:term":[{"taxonomy":"category","embeddable":true,"href":"https:\/\/intercer.net\/blogs\/poeziisieditoriale\/wp-json\/wp\/v2\/categories?post=5590"},{"taxonomy":"post_tag","embeddable":true,"href":"https:\/\/intercer.net\/blogs\/poeziisieditoriale\/wp-json\/wp\/v2\/tags?post=5590"}],"curies":[{"name":"wp","href":"https:\/\/api.w.org\/{rel}","templated":true}]}}