{"id":5630,"date":"2018-09-26T00:57:02","date_gmt":"2018-09-26T07:57:02","guid":{"rendered":"https:\/\/intercer.net\/blogs\/poeziisieditoriale\/?p=5630"},"modified":"2018-09-26T00:57:02","modified_gmt":"2018-09-26T07:57:02","slug":"innoirea-vesnica","status":"publish","type":"post","link":"https:\/\/intercer.net\/blogs\/poeziisieditoriale\/speranta\/innoirea-vesnica.html","title":{"rendered":"\u00cennoirea Ve\u015fnic\u0103"},"content":{"rendered":"<p>\u00cennoirea Ve\u015fnic\u0103<\/p>\n<p>C\u00e2nd p\u0103catul va fi \u015fters<br \/>\n\u015ei-alte zile-or fi curg\u00e2nd,<br \/>\nLucrurile, \u00een sens invers,<br \/>\nCa s-arate-un alt revers<br \/>\nSe vor fi&#8230; desf\u0103\u015fur\u00e2nd.<\/p>\n<p>Va fi doar&#8230; un anotimp,<br \/>\nPeste tot p\u0103m\u00e2ntul soare,<br \/>\nN-or fi ani \u015fi nici un timp<br \/>\n\u015ei nicio-dat\u0103-un r\u0103stimp<br \/>\nVia\u0163a lumii, s-o m\u0103soare.<\/p>\n<p>S-au dus anii de veghere,<br \/>\nS-a dus timpul \u00eencerc\u0103rii,<br \/>\nDe la nimeni nu s-o cere<br \/>\nDe-a se supune-n t\u0103cere<br \/>\nAltui termen&#8230; al prob\u0103rii.<\/p>\n<p>To\u0163i s-or bucura de via\u0163\u0103<br \/>\nC-au sc\u0103pat de suferin\u0163i,<br \/>\nTr\u0103ind sf\u00e2nta diminea\u0163\u0103<br \/>\nM\u00e2ntuirea av\u00e2nd \u00een fa\u0163\u0103<br \/>\nPu\u015fi \u00een r\u00e2ndul celor sfin\u0163i.<\/p>\n<p>Numai Domnului r\u0103m\u00e2ne,<br \/>\nCa \u015fi-oglinda-n str\u0103lucire,<br \/>\nSemnele&#8230; de-opresiune<br \/>\nCare-n veci nu vor apune,<br \/>\nPentru-a Sa sf\u00e2nt\u0103 iubire.<\/p>\n<p>Flavius Laurian Duverna<br \/>\n26 septembrie 2018<\/p>\n","protected":false},"excerpt":{"rendered":"<p>\u00cennoirea Ve\u015fnic\u0103 C\u00e2nd p\u0103catul va fi \u015fters \u015ei-alte zile-or fi curg\u00e2nd, Lucrurile, \u00een sens invers, Ca s-arate-un alt revers Se vor fi&#8230; desf\u0103\u015fur\u00e2nd. Va fi doar&#8230; un anotimp, Peste tot p\u0103m\u00e2ntul soare, N-or fi ani \u015fi nici un timp \u015ei nicio-dat\u0103-un r\u0103stimp Via\u0163a lumii, s-o m\u0103soare. S-au dus anii de veghere, S-a dus timpul \u00eencerc\u0103rii, [&hellip;]<\/p>\n","protected":false},"author":9,"featured_media":0,"comment_status":"open","ping_status":"closed","sticky":false,"template":"","format":"standard","meta":{"_monsterinsights_skip_tracking":false,"_monsterinsights_sitenote_active":false,"_monsterinsights_sitenote_note":"","_monsterinsights_sitenote_category":0,"footnotes":""},"categories":[136,135,127],"tags":[208,31,214,226,126],"class_list":["post-5630","post","type-post","status-publish","format-standard","hentry","category-evenimente","category-isus-hristos","category-speranta","tag-flavius","tag-iubire","tag-mantuire","tag-pamant","tag-poezie"],"_links":{"self":[{"href":"https:\/\/intercer.net\/blogs\/poeziisieditoriale\/wp-json\/wp\/v2\/posts\/5630","targetHints":{"allow":["GET"]}}],"collection":[{"href":"https:\/\/intercer.net\/blogs\/poeziisieditoriale\/wp-json\/wp\/v2\/posts"}],"about":[{"href":"https:\/\/intercer.net\/blogs\/poeziisieditoriale\/wp-json\/wp\/v2\/types\/post"}],"author":[{"embeddable":true,"href":"https:\/\/intercer.net\/blogs\/poeziisieditoriale\/wp-json\/wp\/v2\/users\/9"}],"replies":[{"embeddable":true,"href":"https:\/\/intercer.net\/blogs\/poeziisieditoriale\/wp-json\/wp\/v2\/comments?post=5630"}],"version-history":[{"count":1,"href":"https:\/\/intercer.net\/blogs\/poeziisieditoriale\/wp-json\/wp\/v2\/posts\/5630\/revisions"}],"predecessor-version":[{"id":5631,"href":"https:\/\/intercer.net\/blogs\/poeziisieditoriale\/wp-json\/wp\/v2\/posts\/5630\/revisions\/5631"}],"wp:attachment":[{"href":"https:\/\/intercer.net\/blogs\/poeziisieditoriale\/wp-json\/wp\/v2\/media?parent=5630"}],"wp:term":[{"taxonomy":"category","embeddable":true,"href":"https:\/\/intercer.net\/blogs\/poeziisieditoriale\/wp-json\/wp\/v2\/categories?post=5630"},{"taxonomy":"post_tag","embeddable":true,"href":"https:\/\/intercer.net\/blogs\/poeziisieditoriale\/wp-json\/wp\/v2\/tags?post=5630"}],"curies":[{"name":"wp","href":"https:\/\/api.w.org\/{rel}","templated":true}]}}