{"id":5674,"date":"2018-11-03T09:12:25","date_gmt":"2018-11-03T16:12:25","guid":{"rendered":"https:\/\/intercer.net\/blogs\/poeziisieditoriale\/?p=5674"},"modified":"2018-11-03T09:12:25","modified_gmt":"2018-11-03T16:12:25","slug":"rondel-de-noiembrie","status":"publish","type":"post","link":"https:\/\/intercer.net\/blogs\/poeziisieditoriale\/natura\/rondel-de-noiembrie.html","title":{"rendered":"Rondel de Noiembrie"},"content":{"rendered":"<p>Rondel de Noiembrie<\/p>\n<p>E vremea rece a-nfrigurare<br \/>\nIar zilele Toamnei&#8230; se duc,<br \/>\nPe jos stau frunzele de nuc<br \/>\n\u00cempr\u0103\u015ftiate, la-nt\u00e2mplare.<\/p>\n<p>\u00cen straturi dense-n a\u015fezare<br \/>\nMireasma lor tot mai aduc,<br \/>\nE vremea rece a-nfrigurare<br \/>\nIar zilele Toamnei&#8230; se duc!<\/p>\n<p>Peisajul trist care m\u0103 doare<br \/>\nM\u0103 gr\u0103besc s\u0103-l mai apuc &#8211;<br \/>\n\u015ei pa\u015fii min\u0163ii mi-i conduc<br \/>\nSpre orce frunz\u0103 c\u0103z\u0103toare;<br \/>\nE vremea rece a-nfrigurare<\/p>\n<p>Iar zilele Toamnei&#8230; se duc!<\/p>\n<p>Flavius Laurian Duverna<\/p>\n","protected":false},"excerpt":{"rendered":"<p>Rondel de Noiembrie E vremea rece a-nfrigurare Iar zilele Toamnei&#8230; se duc, Pe jos stau frunzele de nuc \u00cempr\u0103\u015ftiate, la-nt\u00e2mplare. \u00cen straturi dense-n a\u015fezare Mireasma lor tot mai aduc, E vremea rece a-nfrigurare Iar zilele Toamnei&#8230; se duc! Peisajul trist care m\u0103 doare M\u0103 gr\u0103besc s\u0103-l mai apuc &#8211; \u015ei pa\u015fii min\u0163ii mi-i conduc Spre [&hellip;]<\/p>\n","protected":false},"author":9,"featured_media":0,"comment_status":"open","ping_status":"closed","sticky":false,"template":"","format":"standard","meta":{"_monsterinsights_skip_tracking":false,"_monsterinsights_sitenote_active":false,"_monsterinsights_sitenote_note":"","_monsterinsights_sitenote_category":0,"footnotes":""},"categories":[136,12],"tags":[208,209,126],"class_list":["post-5674","post","type-post","status-publish","format-standard","hentry","category-evenimente","category-natura","tag-flavius","tag-laurian","tag-poezie"],"_links":{"self":[{"href":"https:\/\/intercer.net\/blogs\/poeziisieditoriale\/wp-json\/wp\/v2\/posts\/5674","targetHints":{"allow":["GET"]}}],"collection":[{"href":"https:\/\/intercer.net\/blogs\/poeziisieditoriale\/wp-json\/wp\/v2\/posts"}],"about":[{"href":"https:\/\/intercer.net\/blogs\/poeziisieditoriale\/wp-json\/wp\/v2\/types\/post"}],"author":[{"embeddable":true,"href":"https:\/\/intercer.net\/blogs\/poeziisieditoriale\/wp-json\/wp\/v2\/users\/9"}],"replies":[{"embeddable":true,"href":"https:\/\/intercer.net\/blogs\/poeziisieditoriale\/wp-json\/wp\/v2\/comments?post=5674"}],"version-history":[{"count":1,"href":"https:\/\/intercer.net\/blogs\/poeziisieditoriale\/wp-json\/wp\/v2\/posts\/5674\/revisions"}],"predecessor-version":[{"id":5675,"href":"https:\/\/intercer.net\/blogs\/poeziisieditoriale\/wp-json\/wp\/v2\/posts\/5674\/revisions\/5675"}],"wp:attachment":[{"href":"https:\/\/intercer.net\/blogs\/poeziisieditoriale\/wp-json\/wp\/v2\/media?parent=5674"}],"wp:term":[{"taxonomy":"category","embeddable":true,"href":"https:\/\/intercer.net\/blogs\/poeziisieditoriale\/wp-json\/wp\/v2\/categories?post=5674"},{"taxonomy":"post_tag","embeddable":true,"href":"https:\/\/intercer.net\/blogs\/poeziisieditoriale\/wp-json\/wp\/v2\/tags?post=5674"}],"curies":[{"name":"wp","href":"https:\/\/api.w.org\/{rel}","templated":true}]}}