{"id":5680,"date":"2018-11-07T06:12:05","date_gmt":"2018-11-07T14:12:05","guid":{"rendered":"https:\/\/intercer.net\/blogs\/poeziisieditoriale\/?p=5680"},"modified":"2018-11-08T03:48:56","modified_gmt":"2018-11-08T11:48:56","slug":"rondelul-vesmantului-de-lumina","status":"publish","type":"post","link":"https:\/\/intercer.net\/blogs\/poeziisieditoriale\/evenimente\/rondelul-vesmantului-de-lumina.html","title":{"rendered":"Rondelul ve\u015fmintelor de lumin\u0103"},"content":{"rendered":"<p>Rondelul ve\u015fmintelor de lumim\u0103<\/p>\n<p>C\u00e2nd Adam \u015fi Eva, ei au fost crea\u0163i<br \/>\nCorpurile lor m\u00e2ndre&#8230; str\u0103luceau,<br \/>\n\u015ei ve\u015fminte de lumin\u0103 \u00eei acopereau<br \/>\nCum purtau \u015fi \u00eengerii cei lumina\u0163i.<\/p>\n<p>Tineri, \u00een prezen\u0163a Domnului ei stau<br \/>\nC\u0103ci prin pomul ve\u0163ii erau proteja\u0163i,<br \/>\nC\u00e2nd Adam \u015fi Eva, ei au fost crea\u0163i<br \/>\nCorpurile lor m\u00e2ndre&#8230; str\u0103luceau.<\/p>\n<p>\u00cen neascultare, c\u00e2nd au fost cerca\u0163i<br \/>\nPreg\u0103titu-\u015fi-au c\u0103derea-ngrozitoare,<br \/>\nC\u0103ci ve\u015fmintele \u2019n-a lor splendoare<br \/>\nP\u0103r\u0103sidu-i, s-au v\u0103zut goi \u015fi ru\u015fina\u0163i<br \/>\n\u015ei Adam \u015fi Eva, s-au ascuns mira\u0163i,<\/p>\n<p>Corpurile m\u00e2ndre, nu mai str\u0103luceau.<\/p>\n<p>Flavius Laurian Duverna<br \/>\n05 noiembrie 2018<\/p>\n","protected":false},"excerpt":{"rendered":"<p>Rondelul ve\u015fmintelor de lumim\u0103 C\u00e2nd Adam \u015fi Eva, ei au fost crea\u0163i Corpurile lor m\u00e2ndre&#8230; str\u0103luceau, \u015ei ve\u015fminte de lumin\u0103 \u00eei acopereau Cum purtau \u015fi \u00eengerii cei lumina\u0163i. Tineri, \u00een prezen\u0163a Domnului ei stau C\u0103ci prin pomul ve\u0163ii erau proteja\u0163i, C\u00e2nd Adam \u015fi Eva, ei au fost crea\u0163i Corpurile lor m\u00e2ndre&#8230; str\u0103luceau. \u00cen neascultare, c\u00e2nd [&hellip;]<\/p>\n","protected":false},"author":9,"featured_media":0,"comment_status":"open","ping_status":"closed","sticky":false,"template":"","format":"standard","meta":{"_monsterinsights_skip_tracking":false,"_monsterinsights_sitenote_active":false,"_monsterinsights_sitenote_note":"","_monsterinsights_sitenote_category":0,"footnotes":""},"categories":[136],"tags":[208,209,126],"class_list":["post-5680","post","type-post","status-publish","format-standard","hentry","category-evenimente","tag-flavius","tag-laurian","tag-poezie"],"_links":{"self":[{"href":"https:\/\/intercer.net\/blogs\/poeziisieditoriale\/wp-json\/wp\/v2\/posts\/5680","targetHints":{"allow":["GET"]}}],"collection":[{"href":"https:\/\/intercer.net\/blogs\/poeziisieditoriale\/wp-json\/wp\/v2\/posts"}],"about":[{"href":"https:\/\/intercer.net\/blogs\/poeziisieditoriale\/wp-json\/wp\/v2\/types\/post"}],"author":[{"embeddable":true,"href":"https:\/\/intercer.net\/blogs\/poeziisieditoriale\/wp-json\/wp\/v2\/users\/9"}],"replies":[{"embeddable":true,"href":"https:\/\/intercer.net\/blogs\/poeziisieditoriale\/wp-json\/wp\/v2\/comments?post=5680"}],"version-history":[{"count":6,"href":"https:\/\/intercer.net\/blogs\/poeziisieditoriale\/wp-json\/wp\/v2\/posts\/5680\/revisions"}],"predecessor-version":[{"id":5690,"href":"https:\/\/intercer.net\/blogs\/poeziisieditoriale\/wp-json\/wp\/v2\/posts\/5680\/revisions\/5690"}],"wp:attachment":[{"href":"https:\/\/intercer.net\/blogs\/poeziisieditoriale\/wp-json\/wp\/v2\/media?parent=5680"}],"wp:term":[{"taxonomy":"category","embeddable":true,"href":"https:\/\/intercer.net\/blogs\/poeziisieditoriale\/wp-json\/wp\/v2\/categories?post=5680"},{"taxonomy":"post_tag","embeddable":true,"href":"https:\/\/intercer.net\/blogs\/poeziisieditoriale\/wp-json\/wp\/v2\/tags?post=5680"}],"curies":[{"name":"wp","href":"https:\/\/api.w.org\/{rel}","templated":true}]}}