{"id":5698,"date":"2018-11-18T03:49:55","date_gmt":"2018-11-18T11:49:55","guid":{"rendered":"https:\/\/intercer.net\/blogs\/poeziisieditoriale\/?p=5698"},"modified":"2018-11-18T03:50:22","modified_gmt":"2018-11-18T11:50:22","slug":"rondelul-fruhzelor-uscate","status":"publish","type":"post","link":"https:\/\/intercer.net\/blogs\/poeziisieditoriale\/evenimente\/rondelul-fruhzelor-uscate.html","title":{"rendered":"Rondelul frunzelor uscate"},"content":{"rendered":"<p>Rondelul Frunzelor uscate<\/p>\n<p>M-am \u00eent\u00e2lnit, pe potecu\u0163a din livad\u0103<br \/>\nA\u015fa, c-un val v\u00e2rtej molcom de v\u00e2nt<br \/>\nCe-n rotocoale sun\u0103toare pe p\u0103m\u00e2nt,<br \/>\nUn stol de frunze le-nv\u00e2rtea gr\u0103mad\u0103.<\/p>\n<p>Dup\u0103 ce, au frem\u0103tat o var\u0103-ntreag\u0103<br \/>\nSub briza v\u00e2ntului \u00een dulcele lor c\u00e2nt,<br \/>\nM-am \u00eent\u00e2lnit, pe potecu\u0163a din livad\u0103<br \/>\nA\u015fa, c-un val v\u00e2rtej molcom de v\u00e2nt.<\/p>\n<p>Ducea cu el asociate, f\u0103r\u0103 de t\u0103gad\u0103<br \/>\n\u00cen sunetul de frunze, tragicul cuv\u00e2nt,<br \/>\nC-au fost odat\u0103 verzi, \u015fi nu mai sunt&#8230;<br \/>\nC\u0103 este ultimul lor act de promenad\u0103,<br \/>\nDin \u00eent\u00e2lnirea, pe potecu\u0163a din livad\u0103,<\/p>\n<p>Sun\u00e2nd, uscate, \u00een val v\u00e2rtej de v\u00e2nt.<\/p>\n<p>Flavius Laurian Duverna<\/p>\n","protected":false},"excerpt":{"rendered":"<p>Rondelul Frunzelor uscate M-am \u00eent\u00e2lnit, pe potecu\u0163a din livad\u0103 A\u015fa, c-un val v\u00e2rtej molcom de v\u00e2nt Ce-n rotocoale sun\u0103toare pe p\u0103m\u00e2nt, Un stol de frunze le-nv\u00e2rtea gr\u0103mad\u0103. Dup\u0103 ce, au frem\u0103tat o var\u0103-ntreag\u0103 Sub briza v\u00e2ntului \u00een dulcele lor c\u00e2nt, M-am \u00eent\u00e2lnit, pe potecu\u0163a din livad\u0103 A\u015fa, c-un val v\u00e2rtej molcom de v\u00e2nt. Ducea cu [&hellip;]<\/p>\n","protected":false},"author":9,"featured_media":0,"comment_status":"open","ping_status":"closed","sticky":false,"template":"","format":"standard","meta":{"_monsterinsights_skip_tracking":false,"_monsterinsights_sitenote_active":false,"_monsterinsights_sitenote_note":"","_monsterinsights_sitenote_category":0,"footnotes":""},"categories":[136],"tags":[391,208,209,226,126],"class_list":["post-5698","post","type-post","status-publish","format-standard","hentry","category-evenimente","tag-cuvant","tag-flavius","tag-laurian","tag-pamant","tag-poezie"],"_links":{"self":[{"href":"https:\/\/intercer.net\/blogs\/poeziisieditoriale\/wp-json\/wp\/v2\/posts\/5698","targetHints":{"allow":["GET"]}}],"collection":[{"href":"https:\/\/intercer.net\/blogs\/poeziisieditoriale\/wp-json\/wp\/v2\/posts"}],"about":[{"href":"https:\/\/intercer.net\/blogs\/poeziisieditoriale\/wp-json\/wp\/v2\/types\/post"}],"author":[{"embeddable":true,"href":"https:\/\/intercer.net\/blogs\/poeziisieditoriale\/wp-json\/wp\/v2\/users\/9"}],"replies":[{"embeddable":true,"href":"https:\/\/intercer.net\/blogs\/poeziisieditoriale\/wp-json\/wp\/v2\/comments?post=5698"}],"version-history":[{"count":2,"href":"https:\/\/intercer.net\/blogs\/poeziisieditoriale\/wp-json\/wp\/v2\/posts\/5698\/revisions"}],"predecessor-version":[{"id":5700,"href":"https:\/\/intercer.net\/blogs\/poeziisieditoriale\/wp-json\/wp\/v2\/posts\/5698\/revisions\/5700"}],"wp:attachment":[{"href":"https:\/\/intercer.net\/blogs\/poeziisieditoriale\/wp-json\/wp\/v2\/media?parent=5698"}],"wp:term":[{"taxonomy":"category","embeddable":true,"href":"https:\/\/intercer.net\/blogs\/poeziisieditoriale\/wp-json\/wp\/v2\/categories?post=5698"},{"taxonomy":"post_tag","embeddable":true,"href":"https:\/\/intercer.net\/blogs\/poeziisieditoriale\/wp-json\/wp\/v2\/tags?post=5698"}],"curies":[{"name":"wp","href":"https:\/\/api.w.org\/{rel}","templated":true}]}}