{"id":5728,"date":"2018-11-30T07:56:03","date_gmt":"2018-11-30T15:56:03","guid":{"rendered":"https:\/\/intercer.net\/blogs\/poeziisieditoriale\/?p=5728"},"modified":"2018-12-02T04:01:19","modified_gmt":"2018-12-02T12:01:19","slug":"rondelul-neputintei-mantuirii","status":"publish","type":"post","link":"https:\/\/intercer.net\/blogs\/poeziisieditoriale\/evenimente\/rondelul-neputintei-mantuirii.html","title":{"rendered":"Rondelul neputin\u0163ei m\u00e2ntuirii"},"content":{"rendered":"<p>Rondelul neputin\u0163ei m\u00e2ntuirii<\/p>\n<p>Motto: Ezechil 14, 14.<\/p>\n<p>Chiar \u015fi dac\u0103 Noe, Daniel \u015fi Iov ar fi &#8211;<br \/>\n\u00cen vremile acestea de grea \u00eencercare,<br \/>\nEi nu ar putea dec\u00e2t pentru ei salvare<br \/>\nS\u0103 poat\u0103 prin har, asigura \u015fi dob\u00e2ndi.<\/p>\n<p>S-ar putea, numai pe ei \u00een\u015fi\u015fi m\u00e2ntui<br \/>\n\u015ei n-ar sc\u0103pa nimeni din necazul mare,<br \/>\nChiar \u015fi dac\u0103 Noe, Daniel \u015fi Iov ar fi &#8211;<br \/>\n\u00cen vremile acestea de grea \u00eencercare.<\/p>\n<p>Niciun act de mijlocire de-a interveni<br \/>\nN-ar putea s\u0103 fie just, \u00eentr-ajutorare &#8211;<br \/>\nPe l\u00e2ng\u0103 Cel Sf\u00e2nt ce n-acord\u0103 iertare<br \/>\nCelui ce-a refuzat zilnic de-a se poc\u0103i<br \/>\nChiar \u015fi dac\u0103 Noe, Daniel \u015fi Iov ar fi &#8211;<\/p>\n<p>\u00cen vremile acestea de grea \u00eencercare.<\/p>\n<p>Flavius Laurian Duverna<br \/>\n30 noiembrie 2018<\/p>\n","protected":false},"excerpt":{"rendered":"<p>Rondelul neputin\u0163ei m\u00e2ntuirii Motto: Ezechil 14, 14. Chiar \u015fi dac\u0103 Noe, Daniel \u015fi Iov ar fi &#8211; \u00cen vremile acestea de grea \u00eencercare, Ei nu ar putea dec\u00e2t pentru ei salvare S\u0103 poat\u0103 prin har, asigura \u015fi dob\u00e2ndi. S-ar putea, numai pe ei \u00een\u015fi\u015fi m\u00e2ntui \u015ei n-ar sc\u0103pa nimeni din necazul mare, Chiar \u015fi dac\u0103 [&hellip;]<\/p>\n","protected":false},"author":9,"featured_media":0,"comment_status":"open","ping_status":"closed","sticky":false,"template":"","format":"standard","meta":{"_monsterinsights_skip_tracking":false,"_monsterinsights_sitenote_active":false,"_monsterinsights_sitenote_note":"","_monsterinsights_sitenote_category":0,"footnotes":""},"categories":[136],"tags":[208,209,214,85,126,47],"class_list":["post-5728","post","type-post","status-publish","format-standard","hentry","category-evenimente","tag-flavius","tag-laurian","tag-mantuire","tag-neprihanire","tag-poezie","tag-salvare"],"_links":{"self":[{"href":"https:\/\/intercer.net\/blogs\/poeziisieditoriale\/wp-json\/wp\/v2\/posts\/5728","targetHints":{"allow":["GET"]}}],"collection":[{"href":"https:\/\/intercer.net\/blogs\/poeziisieditoriale\/wp-json\/wp\/v2\/posts"}],"about":[{"href":"https:\/\/intercer.net\/blogs\/poeziisieditoriale\/wp-json\/wp\/v2\/types\/post"}],"author":[{"embeddable":true,"href":"https:\/\/intercer.net\/blogs\/poeziisieditoriale\/wp-json\/wp\/v2\/users\/9"}],"replies":[{"embeddable":true,"href":"https:\/\/intercer.net\/blogs\/poeziisieditoriale\/wp-json\/wp\/v2\/comments?post=5728"}],"version-history":[{"count":6,"href":"https:\/\/intercer.net\/blogs\/poeziisieditoriale\/wp-json\/wp\/v2\/posts\/5728\/revisions"}],"predecessor-version":[{"id":5734,"href":"https:\/\/intercer.net\/blogs\/poeziisieditoriale\/wp-json\/wp\/v2\/posts\/5728\/revisions\/5734"}],"wp:attachment":[{"href":"https:\/\/intercer.net\/blogs\/poeziisieditoriale\/wp-json\/wp\/v2\/media?parent=5728"}],"wp:term":[{"taxonomy":"category","embeddable":true,"href":"https:\/\/intercer.net\/blogs\/poeziisieditoriale\/wp-json\/wp\/v2\/categories?post=5728"},{"taxonomy":"post_tag","embeddable":true,"href":"https:\/\/intercer.net\/blogs\/poeziisieditoriale\/wp-json\/wp\/v2\/tags?post=5728"}],"curies":[{"name":"wp","href":"https:\/\/api.w.org\/{rel}","templated":true}]}}