{"id":5761,"date":"2018-12-12T08:09:09","date_gmt":"2018-12-12T16:09:09","guid":{"rendered":"https:\/\/intercer.net\/blogs\/poeziisieditoriale\/?p=5761"},"modified":"2018-12-12T19:56:20","modified_gmt":"2018-12-13T03:56:20","slug":"as-fi-vrut-sa-fiu-ca-magii","status":"publish","type":"post","link":"https:\/\/intercer.net\/blogs\/poeziisieditoriale\/isus-hristos\/as-fi-vrut-sa-fiu-ca-magii.html","title":{"rendered":"A\u015f fi vrut s\u0103 fiu ca Magii"},"content":{"rendered":"<p>A\u015f fi vrut s\u0103 fiu cu Magii<\/p>\n<p>A\u015f fi vrut s\u0103 fiu cu Magii<br \/>\nCe-au plecat \u00een cercetare,<br \/>\nDup\u0103 Steaua luminoas\u0103<br \/>\nCu lumina-i maiestuoas\u0103,<br \/>\nS-afle pe-Mp\u0103ratul mare.<\/p>\n<p>\u015ei s\u0103-I duc daruri bogate<br \/>\nT\u0103m\u00e2ie \u015fi smirn\u0103 \u015fi-aur,<br \/>\nOfrande, ca de \u00eemp\u0103ra\u0163i<br \/>\nPrin minuni sfinte purta\u0163i<br \/>\nSpre-a-I fi puse \u00een tezaur.<\/p>\n<p>\u00cen prea sf\u00e2nt\u0103 reveren\u0163\u0103<br \/>\nS\u0103 m\u0103 plec \u00een \u00eenchinare,<br \/>\nS\u0103-I dau slav\u0103 \u015fi cinstire<br \/>\nPrin glorie-n pream\u0103rire<br \/>\n\u00cen solemn\u0103 prosternare.<\/p>\n<p>\u015ei-mp\u0103cat, \u00een con\u015ftiin\u0163\u0103<br \/>\nC\u0103-n evenimentul mare,<br \/>\nPusu-mi-am al vie\u0163ii aport<br \/>\nVreau un dor real s\u0103 port:<br \/>\nS\u0103 duc vestea la popoare!<\/p>\n<p>Flavius Laurian Duverna<\/p>\n","protected":false},"excerpt":{"rendered":"<p>A\u015f fi vrut s\u0103 fiu cu Magii A\u015f fi vrut s\u0103 fiu cu Magii Ce-au plecat \u00een cercetare, Dup\u0103 Steaua luminoas\u0103 Cu lumina-i maiestuoas\u0103, S-afle pe-Mp\u0103ratul mare. \u015ei s\u0103-I duc daruri bogate T\u0103m\u00e2ie \u015fi smirn\u0103 \u015fi-aur, Ofrande, ca de \u00eemp\u0103ra\u0163i Prin minuni sfinte purta\u0163i Spre-a-I fi puse \u00een tezaur. \u00cen prea sf\u00e2nt\u0103 reveren\u0163\u0103 S\u0103 m\u0103 [&hellip;]<\/p>\n","protected":false},"author":9,"featured_media":0,"comment_status":"open","ping_status":"closed","sticky":false,"template":"","format":"standard","meta":{"_monsterinsights_skip_tracking":false,"_monsterinsights_sitenote_active":false,"_monsterinsights_sitenote_note":"","_monsterinsights_sitenote_category":0,"footnotes":""},"categories":[136,135,139],"tags":[208,209,126],"class_list":["post-5761","post","type-post","status-publish","format-standard","hentry","category-evenimente","category-isus-hristos","category-lauda","tag-flavius","tag-laurian","tag-poezie"],"_links":{"self":[{"href":"https:\/\/intercer.net\/blogs\/poeziisieditoriale\/wp-json\/wp\/v2\/posts\/5761","targetHints":{"allow":["GET"]}}],"collection":[{"href":"https:\/\/intercer.net\/blogs\/poeziisieditoriale\/wp-json\/wp\/v2\/posts"}],"about":[{"href":"https:\/\/intercer.net\/blogs\/poeziisieditoriale\/wp-json\/wp\/v2\/types\/post"}],"author":[{"embeddable":true,"href":"https:\/\/intercer.net\/blogs\/poeziisieditoriale\/wp-json\/wp\/v2\/users\/9"}],"replies":[{"embeddable":true,"href":"https:\/\/intercer.net\/blogs\/poeziisieditoriale\/wp-json\/wp\/v2\/comments?post=5761"}],"version-history":[{"count":1,"href":"https:\/\/intercer.net\/blogs\/poeziisieditoriale\/wp-json\/wp\/v2\/posts\/5761\/revisions"}],"predecessor-version":[{"id":5762,"href":"https:\/\/intercer.net\/blogs\/poeziisieditoriale\/wp-json\/wp\/v2\/posts\/5761\/revisions\/5762"}],"wp:attachment":[{"href":"https:\/\/intercer.net\/blogs\/poeziisieditoriale\/wp-json\/wp\/v2\/media?parent=5761"}],"wp:term":[{"taxonomy":"category","embeddable":true,"href":"https:\/\/intercer.net\/blogs\/poeziisieditoriale\/wp-json\/wp\/v2\/categories?post=5761"},{"taxonomy":"post_tag","embeddable":true,"href":"https:\/\/intercer.net\/blogs\/poeziisieditoriale\/wp-json\/wp\/v2\/tags?post=5761"}],"curies":[{"name":"wp","href":"https:\/\/api.w.org\/{rel}","templated":true}]}}