{"id":5785,"date":"2019-01-03T07:42:45","date_gmt":"2019-01-03T15:42:45","guid":{"rendered":"https:\/\/intercer.net\/blogs\/poeziisieditoriale\/?p=5785"},"modified":"2019-01-03T07:42:45","modified_gmt":"2019-01-03T15:42:45","slug":"pastel-de-iarna","status":"publish","type":"post","link":"https:\/\/intercer.net\/blogs\/poeziisieditoriale\/natura\/pastel-de-iarna.html","title":{"rendered":"Pastel de Iarn\u0103"},"content":{"rendered":"<p>Pastel de Iarn\u0103<\/p>\n<p>Din v\u0103zduhul plin de nori, cerul \u00eentreg de-nf\u0103\u015foar\u0103<br \/>\nFulgii albi \u015fi zglobii, juc\u00e2nd spre p\u0103m\u00e2nt coboar\u0103,<br \/>\nFiind rece, ca \u015fi-o hain\u0103, \u00eel \u00eembrac\u0103, spre \u00eenc\u0103lzire<br \/>\n\u015ei-nvelindu-l, ei ne spun: &#8222;Iarna-i timp de odihnire,<br \/>\n\u015ei-arginta\u0163i ne-a\u015fez\u0103m, p\u00e2n\u0103-n zori de prim\u0103var\u0103!&#8221;<\/p>\n<p>S\u0103m\u00e2n\u0163a pus\u0103-n ogor,&#8230; care a-ncol\u0163it s\u0103 creasc\u0103<br \/>\nSub mantia de z\u0103pad\u0103, st\u0103 \u015fi-adast\u0103 s\u0103 renasc\u0103,<br \/>\nStratul de z\u0103pad\u0103 gros, c\u00e2nd p\u0103m\u00e2ntul \u00eel \u00eembrac\u0103<br \/>\nNe promite \u00eendestulare, din bel\u015fug roade s\u0103 fac\u0103,<br \/>\nOamenii \u015fi-alte fiin\u0163e, de sub cer s\u0103 le hr\u0103neasc\u0103.<\/p>\n<p>Anii care-n anotimpuri, zbor ca-n vis \u015fi se succed<br \/>\nEi ne spun de vremi trecute la care pe r\u00e2nd acced,<br \/>\nAstfel, fiecare dintre ele-\u015fi are farmec \u015fi-o menire<br \/>\nF\u0103c\u00e2nd via\u0163a, mai frumoas\u0103 \u015f i mai dulce la privire,<br \/>\nPrin voia lui Dumnezeu dac\u0103-acei ce-admir\u0103, cred.<\/p>\n<p>Cele patru anotimpuri: &#8211; Prim\u0103vara, vara, toamna,<br \/>\nCe-\u015fi \u00eencheie-al lor traseu, cu ultimul care e iarna,<br \/>\nPe om ele-l sf\u0103tuiesc, pentru-a avea \u00een\u0163elepciune<br \/>\nC\u0103ci aportul ce-\u015fi aduc, privit poate chiar minune,<br \/>\nNe vorbe\u015fte de legi puse, spre a le \u00een\u0163elege taina.<\/p>\n<p>Flavius Laurian Duverna<\/p>\n","protected":false},"excerpt":{"rendered":"<p>Pastel de Iarn\u0103 Din v\u0103zduhul plin de nori, cerul \u00eentreg de-nf\u0103\u015foar\u0103 Fulgii albi \u015fi zglobii, juc\u00e2nd spre p\u0103m\u00e2nt coboar\u0103, Fiind rece, ca \u015fi-o hain\u0103, \u00eel \u00eembrac\u0103, spre \u00eenc\u0103lzire \u015ei-nvelindu-l, ei ne spun: &#8222;Iarna-i timp de odihnire, \u015ei-arginta\u0163i ne-a\u015fez\u0103m, p\u00e2n\u0103-n zori de prim\u0103var\u0103!&#8221; S\u0103m\u00e2n\u0163a pus\u0103-n ogor,&#8230; care a-ncol\u0163it s\u0103 creasc\u0103 Sub mantia de z\u0103pad\u0103, st\u0103 \u015fi-adast\u0103 [&hellip;]<\/p>\n","protected":false},"author":9,"featured_media":0,"comment_status":"open","ping_status":"closed","sticky":false,"template":"","format":"standard","meta":{"_monsterinsights_skip_tracking":false,"_monsterinsights_sitenote_active":false,"_monsterinsights_sitenote_note":"","_monsterinsights_sitenote_category":0,"footnotes":""},"categories":[136,12],"tags":[43,226,126],"class_list":["post-5785","post","type-post","status-publish","format-standard","hentry","category-evenimente","category-natura","tag-dumnezeu","tag-pamant","tag-poezie"],"_links":{"self":[{"href":"https:\/\/intercer.net\/blogs\/poeziisieditoriale\/wp-json\/wp\/v2\/posts\/5785","targetHints":{"allow":["GET"]}}],"collection":[{"href":"https:\/\/intercer.net\/blogs\/poeziisieditoriale\/wp-json\/wp\/v2\/posts"}],"about":[{"href":"https:\/\/intercer.net\/blogs\/poeziisieditoriale\/wp-json\/wp\/v2\/types\/post"}],"author":[{"embeddable":true,"href":"https:\/\/intercer.net\/blogs\/poeziisieditoriale\/wp-json\/wp\/v2\/users\/9"}],"replies":[{"embeddable":true,"href":"https:\/\/intercer.net\/blogs\/poeziisieditoriale\/wp-json\/wp\/v2\/comments?post=5785"}],"version-history":[{"count":1,"href":"https:\/\/intercer.net\/blogs\/poeziisieditoriale\/wp-json\/wp\/v2\/posts\/5785\/revisions"}],"predecessor-version":[{"id":5786,"href":"https:\/\/intercer.net\/blogs\/poeziisieditoriale\/wp-json\/wp\/v2\/posts\/5785\/revisions\/5786"}],"wp:attachment":[{"href":"https:\/\/intercer.net\/blogs\/poeziisieditoriale\/wp-json\/wp\/v2\/media?parent=5785"}],"wp:term":[{"taxonomy":"category","embeddable":true,"href":"https:\/\/intercer.net\/blogs\/poeziisieditoriale\/wp-json\/wp\/v2\/categories?post=5785"},{"taxonomy":"post_tag","embeddable":true,"href":"https:\/\/intercer.net\/blogs\/poeziisieditoriale\/wp-json\/wp\/v2\/tags?post=5785"}],"curies":[{"name":"wp","href":"https:\/\/api.w.org\/{rel}","templated":true}]}}