{"id":5793,"date":"2019-01-16T07:51:12","date_gmt":"2019-01-16T15:51:12","guid":{"rendered":"https:\/\/intercer.net\/blogs\/poeziisieditoriale\/?p=5793"},"modified":"2019-01-16T21:38:35","modified_gmt":"2019-01-17T05:38:35","slug":"rondel-de-lauda-domnului","status":"publish","type":"post","link":"https:\/\/intercer.net\/blogs\/poeziisieditoriale\/generale\/rondel-de-lauda-domnului.html","title":{"rendered":"Rondel de laud\u0103 Domnului"},"content":{"rendered":"<p>Rondel de laud\u0103 Domnului<\/p>\n<p>Te laud Doamne Bun \u015fi Sf\u00e2nt<br \/>\nPentru-ale Tale mari minuni<br \/>\nCe-n voia marii \u2019N\u0163elepciuni,<br \/>\nLe-mpline\u015fti\u2019n-al T\u0103u Cuv\u00e2nt!<\/p>\n<p>Pentru m\u0103re\u0163ul har, &#8211; Te c\u00e2nt<br \/>\nC\u0103ci Tu m-ai scos din genuni,<br \/>\nTe laud Doamne Bun \u015fi Sf\u00e2nt<br \/>\nPentru-ale Tale mari minuni!<\/p>\n<p>\u00cen via\u0163a-mi pe acest p\u0103m\u00e2nt<br \/>\nPentru copiii sfin\u0163i ce \u00ce\u0163i aduni<br \/>\nCa-n ceruri s\u0103 le dai cununi<br \/>\n\u015ei-o hain\u0103 de in ca ve\u015fm\u00e2nt,<br \/>\nTe laud Doamne Bun \u015fi Sf\u00e2nt,<\/p>\n<p>Pentru-ale Tale mari minuni!<\/p>\n<p>Flavius Laurian Duverna<br \/>\n16 ianuarie 2919<\/p>\n","protected":false},"excerpt":{"rendered":"<p>Rondel de laud\u0103 Domnului Te laud Doamne Bun \u015fi Sf\u00e2nt Pentru-ale Tale mari minuni Ce-n voia marii \u2019N\u0163elepciuni, Le-mpline\u015fti\u2019n-al T\u0103u Cuv\u00e2nt! Pentru m\u0103re\u0163ul har, &#8211; Te c\u00e2nt C\u0103ci Tu m-ai scos din genuni, Te laud Doamne Bun \u015fi Sf\u00e2nt Pentru-ale Tale mari minuni! \u00cen via\u0163a-mi pe acest p\u0103m\u00e2nt Pentru copiii sfin\u0163i ce \u00ce\u0163i aduni Ca-n [&hellip;]<\/p>\n","protected":false},"author":9,"featured_media":0,"comment_status":"open","ping_status":"closed","sticky":false,"template":"","format":"standard","meta":{"_monsterinsights_skip_tracking":false,"_monsterinsights_sitenote_active":false,"_monsterinsights_sitenote_note":"","_monsterinsights_sitenote_category":0,"footnotes":""},"categories":[134,135],"tags":[391,208,226,126],"class_list":["post-5793","post","type-post","status-publish","format-standard","hentry","category-generale","category-isus-hristos","tag-cuvant","tag-flavius","tag-pamant","tag-poezie"],"_links":{"self":[{"href":"https:\/\/intercer.net\/blogs\/poeziisieditoriale\/wp-json\/wp\/v2\/posts\/5793","targetHints":{"allow":["GET"]}}],"collection":[{"href":"https:\/\/intercer.net\/blogs\/poeziisieditoriale\/wp-json\/wp\/v2\/posts"}],"about":[{"href":"https:\/\/intercer.net\/blogs\/poeziisieditoriale\/wp-json\/wp\/v2\/types\/post"}],"author":[{"embeddable":true,"href":"https:\/\/intercer.net\/blogs\/poeziisieditoriale\/wp-json\/wp\/v2\/users\/9"}],"replies":[{"embeddable":true,"href":"https:\/\/intercer.net\/blogs\/poeziisieditoriale\/wp-json\/wp\/v2\/comments?post=5793"}],"version-history":[{"count":2,"href":"https:\/\/intercer.net\/blogs\/poeziisieditoriale\/wp-json\/wp\/v2\/posts\/5793\/revisions"}],"predecessor-version":[{"id":5795,"href":"https:\/\/intercer.net\/blogs\/poeziisieditoriale\/wp-json\/wp\/v2\/posts\/5793\/revisions\/5795"}],"wp:attachment":[{"href":"https:\/\/intercer.net\/blogs\/poeziisieditoriale\/wp-json\/wp\/v2\/media?parent=5793"}],"wp:term":[{"taxonomy":"category","embeddable":true,"href":"https:\/\/intercer.net\/blogs\/poeziisieditoriale\/wp-json\/wp\/v2\/categories?post=5793"},{"taxonomy":"post_tag","embeddable":true,"href":"https:\/\/intercer.net\/blogs\/poeziisieditoriale\/wp-json\/wp\/v2\/tags?post=5793"}],"curies":[{"name":"wp","href":"https:\/\/api.w.org\/{rel}","templated":true}]}}