{"id":5879,"date":"2019-03-07T03:06:50","date_gmt":"2019-03-07T11:06:50","guid":{"rendered":"https:\/\/intercer.net\/blogs\/poeziisieditoriale\/?p=5879"},"modified":"2019-03-07T03:06:50","modified_gmt":"2019-03-07T11:06:50","slug":"rondel-de-martisor-2","status":"publish","type":"post","link":"https:\/\/intercer.net\/blogs\/poeziisieditoriale\/generale\/rondel-de-martisor-2.html","title":{"rendered":"Rondel de M\u0103r\u0163i\u015for"},"content":{"rendered":"<p>Rondel de M\u0103r\u0163i\u015for<\/p>\n<p>Mi-am adus aminte, Mam\u0103,<br \/>\nC\u0103ci ziua de-azi, e M\u0103r\u0163i\u015for,<br \/>\n\u015ei pentru-al inimii-ascuns dor<br \/>\nNu puteam s\u0103 nu \u0163in seam\u0103!<\/p>\n<p>M-ai crescut cu griji \u015fi team\u0103<br \/>\n\u015ei de respect m\u0103 simt dator,<br \/>\n\u015ei mi-am adus aminte Mam\u0103,<br \/>\nC\u0103ci ziua de-azi, e M\u0103r\u0163i\u015for!<\/p>\n<p>Privind cum anii se destram\u0103<br \/>\n\u015ei chipu-\u0163i schimb\u0103-nceti\u015for,<br \/>\nM\u0103 prinde-un sunet trec\u0103tor<br \/>\n\u00cen glas duios care m\u0103 cheam\u0103,<br \/>\n\u015ei mi-am adus aminte, Mam\u0103,<\/p>\n<p>C\u0103ci ziua de-azi, e M\u0103r\u0163i\u015for!<\/p>\n<p>Flavius Laurian Duverna<\/p>\n","protected":false},"excerpt":{"rendered":"<p>Rondel de M\u0103r\u0163i\u015for Mi-am adus aminte, Mam\u0103, C\u0103ci ziua de-azi, e M\u0103r\u0163i\u015for, \u015ei pentru-al inimii-ascuns dor Nu puteam s\u0103 nu \u0163in seam\u0103! M-ai crescut cu griji \u015fi team\u0103 \u015ei de respect m\u0103 simt dator, \u015ei mi-am adus aminte Mam\u0103, C\u0103ci ziua de-azi, e M\u0103r\u0163i\u015for! Privind cum anii se destram\u0103 \u015ei chipu-\u0163i schimb\u0103-nceti\u015for, M\u0103 prinde-un sunet [&hellip;]<\/p>\n","protected":false},"author":9,"featured_media":0,"comment_status":"open","ping_status":"closed","sticky":false,"template":"","format":"standard","meta":{"_monsterinsights_skip_tracking":false,"_monsterinsights_sitenote_active":false,"_monsterinsights_sitenote_note":"","_monsterinsights_sitenote_category":0,"footnotes":""},"categories":[136,134],"tags":[208,209,126],"class_list":["post-5879","post","type-post","status-publish","format-standard","hentry","category-evenimente","category-generale","tag-flavius","tag-laurian","tag-poezie"],"_links":{"self":[{"href":"https:\/\/intercer.net\/blogs\/poeziisieditoriale\/wp-json\/wp\/v2\/posts\/5879","targetHints":{"allow":["GET"]}}],"collection":[{"href":"https:\/\/intercer.net\/blogs\/poeziisieditoriale\/wp-json\/wp\/v2\/posts"}],"about":[{"href":"https:\/\/intercer.net\/blogs\/poeziisieditoriale\/wp-json\/wp\/v2\/types\/post"}],"author":[{"embeddable":true,"href":"https:\/\/intercer.net\/blogs\/poeziisieditoriale\/wp-json\/wp\/v2\/users\/9"}],"replies":[{"embeddable":true,"href":"https:\/\/intercer.net\/blogs\/poeziisieditoriale\/wp-json\/wp\/v2\/comments?post=5879"}],"version-history":[{"count":1,"href":"https:\/\/intercer.net\/blogs\/poeziisieditoriale\/wp-json\/wp\/v2\/posts\/5879\/revisions"}],"predecessor-version":[{"id":5880,"href":"https:\/\/intercer.net\/blogs\/poeziisieditoriale\/wp-json\/wp\/v2\/posts\/5879\/revisions\/5880"}],"wp:attachment":[{"href":"https:\/\/intercer.net\/blogs\/poeziisieditoriale\/wp-json\/wp\/v2\/media?parent=5879"}],"wp:term":[{"taxonomy":"category","embeddable":true,"href":"https:\/\/intercer.net\/blogs\/poeziisieditoriale\/wp-json\/wp\/v2\/categories?post=5879"},{"taxonomy":"post_tag","embeddable":true,"href":"https:\/\/intercer.net\/blogs\/poeziisieditoriale\/wp-json\/wp\/v2\/tags?post=5879"}],"curies":[{"name":"wp","href":"https:\/\/api.w.org\/{rel}","templated":true}]}}