{"id":5894,"date":"2019-03-26T07:17:31","date_gmt":"2019-03-26T14:17:31","guid":{"rendered":"https:\/\/intercer.net\/blogs\/poeziisieditoriale\/?p=5894"},"modified":"2019-03-26T07:17:31","modified_gmt":"2019-03-26T14:17:31","slug":"rondelul-profundei-dureri-2","status":"publish","type":"post","link":"https:\/\/intercer.net\/blogs\/poeziisieditoriale\/generale\/rondelul-profundei-dureri-2.html","title":{"rendered":"Rondelul Profundei Dureri"},"content":{"rendered":"<p>Rondelul Profundei Dureri<\/p>\n<p>O, nu poate fi, nici-o durere<br \/>\nS\u0103 n-o \u015ftii Tat\u0103l meu Ceresc<br \/>\nCe-apas\u0103-n sufletu\u2019 omenesc,<br \/>\n\u015ei har ar vrea&#8230; \u015fi m\u00e2ng\u00e2iere.<\/p>\n<p>C\u00e2nd sufletul m\u00e2hnit \u00ce\u0163i cere<br \/>\n\u015ei lacrimi nu mai contenesc,<br \/>\nO, nu poate fi, nici-o durere<br \/>\nS\u0103 n-o \u015ftii Tat\u0103l meu Ceresc!<\/p>\n<p>C\u00e2nd cad ades \u00een neveghere<br \/>\n\u015ei de-orice piatr\u0103 m\u0103 lovesc<br \/>\n\u015ei dureri crunte se \u00eenmul\u0163esc,<br \/>\nC\u00e2nd istovit, sunt de putere,<br \/>\nO, Nu poate fi, nici-o durere<\/p>\n<p>S\u0103 n-o \u015ftii Tat\u0103l meu Ceresc!<\/p>\n<p>Flavius Laurian Duverna<\/p>\n","protected":false},"excerpt":{"rendered":"<p>Rondelul Profundei Dureri O, nu poate fi, nici-o durere S\u0103 n-o \u015ftii Tat\u0103l meu Ceresc Ce-apas\u0103-n sufletu\u2019 omenesc, \u015ei har ar vrea&#8230; \u015fi m\u00e2ng\u00e2iere. C\u00e2nd sufletul m\u00e2hnit \u00ce\u0163i cere \u015ei lacrimi nu mai contenesc, O, nu poate fi, nici-o durere S\u0103 n-o \u015ftii Tat\u0103l meu Ceresc! C\u00e2nd cad ades \u00een neveghere \u015ei de-orice piatr\u0103 m\u0103 [&hellip;]<\/p>\n","protected":false},"author":9,"featured_media":0,"comment_status":"open","ping_status":"closed","sticky":false,"template":"","format":"standard","meta":{"_monsterinsights_skip_tracking":false,"_monsterinsights_sitenote_active":false,"_monsterinsights_sitenote_note":"","_monsterinsights_sitenote_category":0,"footnotes":""},"categories":[134],"tags":[208,209,126],"class_list":["post-5894","post","type-post","status-publish","format-standard","hentry","category-generale","tag-flavius","tag-laurian","tag-poezie"],"_links":{"self":[{"href":"https:\/\/intercer.net\/blogs\/poeziisieditoriale\/wp-json\/wp\/v2\/posts\/5894","targetHints":{"allow":["GET"]}}],"collection":[{"href":"https:\/\/intercer.net\/blogs\/poeziisieditoriale\/wp-json\/wp\/v2\/posts"}],"about":[{"href":"https:\/\/intercer.net\/blogs\/poeziisieditoriale\/wp-json\/wp\/v2\/types\/post"}],"author":[{"embeddable":true,"href":"https:\/\/intercer.net\/blogs\/poeziisieditoriale\/wp-json\/wp\/v2\/users\/9"}],"replies":[{"embeddable":true,"href":"https:\/\/intercer.net\/blogs\/poeziisieditoriale\/wp-json\/wp\/v2\/comments?post=5894"}],"version-history":[{"count":1,"href":"https:\/\/intercer.net\/blogs\/poeziisieditoriale\/wp-json\/wp\/v2\/posts\/5894\/revisions"}],"predecessor-version":[{"id":5895,"href":"https:\/\/intercer.net\/blogs\/poeziisieditoriale\/wp-json\/wp\/v2\/posts\/5894\/revisions\/5895"}],"wp:attachment":[{"href":"https:\/\/intercer.net\/blogs\/poeziisieditoriale\/wp-json\/wp\/v2\/media?parent=5894"}],"wp:term":[{"taxonomy":"category","embeddable":true,"href":"https:\/\/intercer.net\/blogs\/poeziisieditoriale\/wp-json\/wp\/v2\/categories?post=5894"},{"taxonomy":"post_tag","embeddable":true,"href":"https:\/\/intercer.net\/blogs\/poeziisieditoriale\/wp-json\/wp\/v2\/tags?post=5894"}],"curies":[{"name":"wp","href":"https:\/\/api.w.org\/{rel}","templated":true}]}}