{"id":5896,"date":"2019-03-27T01:59:02","date_gmt":"2019-03-27T08:59:02","guid":{"rendered":"https:\/\/intercer.net\/blogs\/poeziisieditoriale\/?p=5896"},"modified":"2019-03-29T05:27:58","modified_gmt":"2019-03-29T12:27:58","slug":"rondel-de-ultim-drum","status":"publish","type":"post","link":"https:\/\/intercer.net\/blogs\/poeziisieditoriale\/evenimente\/rondel-de-ultim-drum.html","title":{"rendered":"Rondel de ultim drum"},"content":{"rendered":"<p>Rondel de ultim drum<\/p>\n<p>( Dedicat familiei Beni Vasile )<br \/>\nSacramento- California<\/p>\n<p>Sub albastrul cerului cu&#8230; Prim\u0103vara<br \/>\nAm condus-o, pe ultimul s\u0103u drum,<br \/>\nCu-amintiri care revin \u00een minte-acum<br \/>\nPe cea care ne-a fost sora Marioara.<\/p>\n<p>Picurii de ploaie rece ar\u0103tau c\u0103 seara<br \/>\nSe apropie, \u015fi nu s-ar opri nicidecum,<br \/>\nSub albastrul cerului&#8230; cu Prim\u0103vara<br \/>\nAm condus-o, pe ultimmul s\u0103u drum.<\/p>\n<p>Ca \u015fi-un tren, ce-\u015fi las\u0103-n urm\u0103 gara<br \/>\n\u015ei se-ascunde \u00een dep\u0103rt\u0103rile de fum,<br \/>\nA plecat, dar faptele nu se fac scrum<br \/>\n\u015ei-ale sale-ndemnuri vor colinda \u0163ara<br \/>\nSub albastrul cerului&#8230; cu Prim\u0103vara,<\/p>\n<p>Am condus-o, pe ultimul s\u0103u drum.<\/p>\n<p>Flavius Laurian Duverna<br \/>\n26 martie 2019<\/p>\n","protected":false},"excerpt":{"rendered":"<p>Rondel de ultim drum ( Dedicat familiei Beni Vasile ) Sacramento- California Sub albastrul cerului cu&#8230; Prim\u0103vara Am condus-o, pe ultimul s\u0103u drum, Cu-amintiri care revin \u00een minte-acum Pe cea care ne-a fost sora Marioara. Picurii de ploaie rece ar\u0103tau c\u0103 seara Se apropie, \u015fi nu s-ar opri nicidecum, Sub albastrul cerului&#8230; cu Prim\u0103vara Am [&hellip;]<\/p>\n","protected":false},"author":9,"featured_media":0,"comment_status":"open","ping_status":"closed","sticky":false,"template":"","format":"standard","meta":{"_monsterinsights_skip_tracking":false,"_monsterinsights_sitenote_active":false,"_monsterinsights_sitenote_note":"","_monsterinsights_sitenote_category":0,"footnotes":""},"categories":[136],"tags":[208,209,126],"class_list":["post-5896","post","type-post","status-publish","format-standard","hentry","category-evenimente","tag-flavius","tag-laurian","tag-poezie"],"_links":{"self":[{"href":"https:\/\/intercer.net\/blogs\/poeziisieditoriale\/wp-json\/wp\/v2\/posts\/5896","targetHints":{"allow":["GET"]}}],"collection":[{"href":"https:\/\/intercer.net\/blogs\/poeziisieditoriale\/wp-json\/wp\/v2\/posts"}],"about":[{"href":"https:\/\/intercer.net\/blogs\/poeziisieditoriale\/wp-json\/wp\/v2\/types\/post"}],"author":[{"embeddable":true,"href":"https:\/\/intercer.net\/blogs\/poeziisieditoriale\/wp-json\/wp\/v2\/users\/9"}],"replies":[{"embeddable":true,"href":"https:\/\/intercer.net\/blogs\/poeziisieditoriale\/wp-json\/wp\/v2\/comments?post=5896"}],"version-history":[{"count":3,"href":"https:\/\/intercer.net\/blogs\/poeziisieditoriale\/wp-json\/wp\/v2\/posts\/5896\/revisions"}],"predecessor-version":[{"id":5905,"href":"https:\/\/intercer.net\/blogs\/poeziisieditoriale\/wp-json\/wp\/v2\/posts\/5896\/revisions\/5905"}],"wp:attachment":[{"href":"https:\/\/intercer.net\/blogs\/poeziisieditoriale\/wp-json\/wp\/v2\/media?parent=5896"}],"wp:term":[{"taxonomy":"category","embeddable":true,"href":"https:\/\/intercer.net\/blogs\/poeziisieditoriale\/wp-json\/wp\/v2\/categories?post=5896"},{"taxonomy":"post_tag","embeddable":true,"href":"https:\/\/intercer.net\/blogs\/poeziisieditoriale\/wp-json\/wp\/v2\/tags?post=5896"}],"curies":[{"name":"wp","href":"https:\/\/api.w.org\/{rel}","templated":true}]}}