{"id":5912,"date":"2019-04-03T03:46:56","date_gmt":"2019-04-03T10:46:56","guid":{"rendered":"https:\/\/intercer.net\/blogs\/poeziisieditoriale\/?p=5912"},"modified":"2019-04-03T03:46:56","modified_gmt":"2019-04-03T10:46:56","slug":"din-tara-dinspre-miaza-zi","status":"publish","type":"post","link":"https:\/\/intercer.net\/blogs\/poeziisieditoriale\/generale\/din-tara-dinspre-miaza-zi.html","title":{"rendered":"Din \u0162ara dinspre Miaz\u0103-zi"},"content":{"rendered":"<p>Din \u0162ara dinspre Miaz\u0103-zi<\/p>\n<p>Din \u0162ara dinspre Miaz\u0103-zi<br \/>\n\u00cen stoluri mari de-a izbuti,<br \/>\nR\u00e2ndunelele revin acas\u0103!<br \/>\nRevin voioase-n cuibul lor<br \/>\n\u00cen inimi cu-al dragostei dor,<br \/>\nDe sub strea\u015fina de cas\u0103.<\/p>\n<p>E soare mult, \u015fi cald afar\u0103<br \/>\n\u015ei \u00een v\u0103zduh \u00eencep s-apar\u0103<br \/>\nC\u00e2rduri dans\u00e2nd de cocori<br \/>\n\u00cen cercuri largi ce se rotesc,<br \/>\nIar bucuro\u015fi copii-i privesc<br \/>\nPe ceru-albastru, f\u0103r\u0103 nori.<\/p>\n<p>E-o zi de dulce prim\u0103var\u0103<br \/>\n\u015ei totu-i verde peste \u0163ar\u0103<br \/>\nCu flori multiple pe c\u00e2mpii!<br \/>\nClipele sunt de hazarduri,<br \/>\nMielu\u015feii, zburd\u0103-n salturi<br \/>\n\u00cen vesel c\u00e2nt, de cioc\u00e2rlii.<\/p>\n<p>S-a-ntinerit din nou livada<br \/>\n\u00cen frumuse\u0163uri cu gr\u0103mada<br \/>\n\u015ei pomii ei cei maiestuo\u015fi,<br \/>\nCu crengile, pline de flori<br \/>\nS-au preg\u0103tit de s\u0103rb\u0103tori,<br \/>\nDesf\u0103c\u00e2nd mugurii pufo\u015fi.<\/p>\n<p>E-un sim\u0163\u0103m\u00e2nt de bucurie<br \/>\n\u015ei de rena\u015ftere \u015fi voio\u015fie<br \/>\nCare plute\u015fte-n exprimare,<br \/>\nPrin c\u00e2ntec viu \u015fi tineresc<br \/>\nSpre slava Tat\u0103lui Ceresc,<br \/>\nPentru-a Sa grij\u0103 iubitoare.<\/p>\n<p>Flavius Laurian Duverna<\/p>\n","protected":false},"excerpt":{"rendered":"<p>Din \u0162ara dinspre Miaz\u0103-zi Din \u0162ara dinspre Miaz\u0103-zi \u00cen stoluri mari de-a izbuti, R\u00e2ndunelele revin acas\u0103! Revin voioase-n cuibul lor \u00cen inimi cu-al dragostei dor, De sub strea\u015fina de cas\u0103. E soare mult, \u015fi cald afar\u0103 \u015ei \u00een v\u0103zduh \u00eencep s-apar\u0103 C\u00e2rduri dans\u00e2nd de cocori \u00cen cercuri largi ce se rotesc, Iar bucuro\u015fi copii-i privesc [&hellip;]<\/p>\n","protected":false},"author":9,"featured_media":0,"comment_status":"open","ping_status":"closed","sticky":false,"template":"","format":"standard","meta":{"_monsterinsights_skip_tracking":false,"_monsterinsights_sitenote_active":false,"_monsterinsights_sitenote_note":"","_monsterinsights_sitenote_category":0,"footnotes":""},"categories":[136,134],"tags":[8,208,209,126],"class_list":["post-5912","post","type-post","status-publish","format-standard","hentry","category-evenimente","category-generale","tag-bucurie","tag-flavius","tag-laurian","tag-poezie"],"_links":{"self":[{"href":"https:\/\/intercer.net\/blogs\/poeziisieditoriale\/wp-json\/wp\/v2\/posts\/5912","targetHints":{"allow":["GET"]}}],"collection":[{"href":"https:\/\/intercer.net\/blogs\/poeziisieditoriale\/wp-json\/wp\/v2\/posts"}],"about":[{"href":"https:\/\/intercer.net\/blogs\/poeziisieditoriale\/wp-json\/wp\/v2\/types\/post"}],"author":[{"embeddable":true,"href":"https:\/\/intercer.net\/blogs\/poeziisieditoriale\/wp-json\/wp\/v2\/users\/9"}],"replies":[{"embeddable":true,"href":"https:\/\/intercer.net\/blogs\/poeziisieditoriale\/wp-json\/wp\/v2\/comments?post=5912"}],"version-history":[{"count":1,"href":"https:\/\/intercer.net\/blogs\/poeziisieditoriale\/wp-json\/wp\/v2\/posts\/5912\/revisions"}],"predecessor-version":[{"id":5913,"href":"https:\/\/intercer.net\/blogs\/poeziisieditoriale\/wp-json\/wp\/v2\/posts\/5912\/revisions\/5913"}],"wp:attachment":[{"href":"https:\/\/intercer.net\/blogs\/poeziisieditoriale\/wp-json\/wp\/v2\/media?parent=5912"}],"wp:term":[{"taxonomy":"category","embeddable":true,"href":"https:\/\/intercer.net\/blogs\/poeziisieditoriale\/wp-json\/wp\/v2\/categories?post=5912"},{"taxonomy":"post_tag","embeddable":true,"href":"https:\/\/intercer.net\/blogs\/poeziisieditoriale\/wp-json\/wp\/v2\/tags?post=5912"}],"curies":[{"name":"wp","href":"https:\/\/api.w.org\/{rel}","templated":true}]}}