{"id":5935,"date":"2019-04-11T03:43:39","date_gmt":"2019-04-11T10:43:39","guid":{"rendered":"https:\/\/intercer.net\/blogs\/poeziisieditoriale\/?p=5935"},"modified":"2019-04-11T03:43:39","modified_gmt":"2019-04-11T10:43:39","slug":"se-ntorc-cocorii","status":"publish","type":"post","link":"https:\/\/intercer.net\/blogs\/poeziisieditoriale\/natura\/se-ntorc-cocorii.html","title":{"rendered":"Se-ntorc Cocorii"},"content":{"rendered":"<p>Se-ntorc Cocorii<\/p>\n<p>Pe cer cu soare dinspre miaz\u0103zi<br \/>\nApar \u00een \u015fir, pe bolta-i de cristal,<br \/>\n\u00cen c\u00e2nturi veseli, ca la carnaval<br \/>\nCocori ce gl\u0103suiesc, spre-a auzi<br \/>\nStrig\u00e2ndu-\u015fi cantecul lor \u00een aval<br \/>\nC\u0103 se apropie de locul lor natal.<\/p>\n<p>Ei revin iar\u0103\u015fi \u00een patria lor drag\u0103,<br \/>\nUnde venirea lor aduce bucurie<br \/>\nDe peste m\u0103ri \u015fi \u0163\u0103ri cu voio\u015fie;<br \/>\nLa noi, natura pare c\u0103 e-ntreag\u0103,<br \/>\nCu dimine\u0163i, \u00een c\u00e2nt de cioc\u00e2rlie<br \/>\nSpre nori suind duioasa simfonie.<\/p>\n<p>Un farmec dulce lini\u015ftit plute\u015fte<br \/>\nN\u0103sc\u00e2nd \u00een inimi dorul de-a tr\u0103i,<br \/>\nL-at\u00e2tea lucruri de-a putea privi<br \/>\nSub grija scump\u0103 care aminte\u015fte,<br \/>\nCum p\u0103s\u0103rile-n c\u00e2nt ne pot gr\u0103i<br \/>\nDespre prezen\u0163a dorului de-a fi.<\/p>\n<p>Ne-aduc aminte, c\u0103 aici l-e \u0163ara<br \/>\n\u00cen care cuiburi, \u00ee\u015fi pot construi,<br \/>\nC-aici menirea, \u00ee\u015fi pot \u00eemplini &#8211;<br \/>\n\u015ei \u00een\u0163eleg, c\u00e2nd vine prim\u0103vara<br \/>\nC\u0103 Dumnezeu toate le-or\u00e2ndui<br \/>\n\u00cen existen\u0163a lor, s\u0103 poat\u0103 d\u0103inui.<\/p>\n<p>Flavius Laurian Duverna<\/p>\n","protected":false},"excerpt":{"rendered":"<p>Se-ntorc Cocorii Pe cer cu soare dinspre miaz\u0103zi Apar \u00een \u015fir, pe bolta-i de cristal, \u00cen c\u00e2nturi veseli, ca la carnaval Cocori ce gl\u0103suiesc, spre-a auzi Strig\u00e2ndu-\u015fi cantecul lor \u00een aval C\u0103 se apropie de locul lor natal. Ei revin iar\u0103\u015fi \u00een patria lor drag\u0103, Unde venirea lor aduce bucurie De peste m\u0103ri \u015fi \u0163\u0103ri [&hellip;]<\/p>\n","protected":false},"author":9,"featured_media":0,"comment_status":"open","ping_status":"closed","sticky":false,"template":"","format":"standard","meta":{"_monsterinsights_skip_tracking":false,"_monsterinsights_sitenote_active":false,"_monsterinsights_sitenote_note":"","_monsterinsights_sitenote_category":0,"footnotes":""},"categories":[134,12],"tags":[8,208,126,189],"class_list":["post-5935","post","type-post","status-publish","format-standard","hentry","category-generale","category-natura","tag-bucurie","tag-flavius","tag-poezie","tag-primavara"],"_links":{"self":[{"href":"https:\/\/intercer.net\/blogs\/poeziisieditoriale\/wp-json\/wp\/v2\/posts\/5935","targetHints":{"allow":["GET"]}}],"collection":[{"href":"https:\/\/intercer.net\/blogs\/poeziisieditoriale\/wp-json\/wp\/v2\/posts"}],"about":[{"href":"https:\/\/intercer.net\/blogs\/poeziisieditoriale\/wp-json\/wp\/v2\/types\/post"}],"author":[{"embeddable":true,"href":"https:\/\/intercer.net\/blogs\/poeziisieditoriale\/wp-json\/wp\/v2\/users\/9"}],"replies":[{"embeddable":true,"href":"https:\/\/intercer.net\/blogs\/poeziisieditoriale\/wp-json\/wp\/v2\/comments?post=5935"}],"version-history":[{"count":1,"href":"https:\/\/intercer.net\/blogs\/poeziisieditoriale\/wp-json\/wp\/v2\/posts\/5935\/revisions"}],"predecessor-version":[{"id":5936,"href":"https:\/\/intercer.net\/blogs\/poeziisieditoriale\/wp-json\/wp\/v2\/posts\/5935\/revisions\/5936"}],"wp:attachment":[{"href":"https:\/\/intercer.net\/blogs\/poeziisieditoriale\/wp-json\/wp\/v2\/media?parent=5935"}],"wp:term":[{"taxonomy":"category","embeddable":true,"href":"https:\/\/intercer.net\/blogs\/poeziisieditoriale\/wp-json\/wp\/v2\/categories?post=5935"},{"taxonomy":"post_tag","embeddable":true,"href":"https:\/\/intercer.net\/blogs\/poeziisieditoriale\/wp-json\/wp\/v2\/tags?post=5935"}],"curies":[{"name":"wp","href":"https:\/\/api.w.org\/{rel}","templated":true}]}}