{"id":5958,"date":"2019-05-16T01:31:24","date_gmt":"2019-05-16T08:31:24","guid":{"rendered":"https:\/\/intercer.net\/blogs\/poeziisieditoriale\/?p=5958"},"modified":"2019-05-17T03:20:58","modified_gmt":"2019-05-17T10:20:58","slug":"rondelul-inventiei-din-paradis","status":"publish","type":"post","link":"https:\/\/intercer.net\/blogs\/poeziisieditoriale\/generale\/rondelul-inventiei-din-paradis.html","title":{"rendered":"Rondelul inven\u0163iei din Paradis"},"content":{"rendered":"<p>Rondelul inven\u0163iei din Paradis<\/p>\n<p>Prima inven\u0163ie, a min\u0163ii prin g\u00e2ndire<br \/>\nS-a n\u0103scut, realiz\u00e2ndu-se \u00een Paradis,<br \/>\nC\u00e2nd Adam \u015f Eva \u00eempreun\u0103 au decis<br \/>\nS\u0103-\u015fi fac\u0103 \u00eemprejur \u015for\u0163uri de-nvelire.<\/p>\n<p>Fiind \u00een clipe grele \u015fi cu viitoru-nchis<br \/>\nDe ve\u015fm\u00e2ntul de lumin\u0103-n p\u0103r\u0103sire,<br \/>\nPrima inven\u0163ie, a min\u0163ii prin g\u00e2ndire<br \/>\nS-a n\u0103scut, realiz\u00e2ndu-se \u00een Paradis.<\/p>\n<p>\u015ei Domnul, privindu-i \u00een nenorocire<br \/>\nDespre a lor inven\u0163ie, gl\u0103suind a zis:<br \/>\nNu-i cea potrivit\u0103! Scopu-i imprecis,<br \/>\n\u015ei le-a dat din piele, haine de-nvelire<br \/>\n\u015ei prima inven\u0163ie, a min\u0163ii \u00een g\u00e2ndire<\/p>\n<p>S-a n\u0103scut&#8230; \u015fi-a disp\u0103rut \u00een Paradis&#8230;<\/p>\n<p>Flavius Laurian Duverna<br \/>\n16 mai 2019<\/p>\n","protected":false},"excerpt":{"rendered":"<p>Rondelul inven\u0163iei din Paradis Prima inven\u0163ie, a min\u0163ii prin g\u00e2ndire S-a n\u0103scut, realiz\u00e2ndu-se \u00een Paradis, C\u00e2nd Adam \u015f Eva \u00eempreun\u0103 au decis S\u0103-\u015fi fac\u0103 \u00eemprejur \u015for\u0163uri de-nvelire. Fiind \u00een clipe grele \u015fi cu viitoru-nchis De ve\u015fm\u00e2ntul de lumin\u0103-n p\u0103r\u0103sire, Prima inven\u0163ie, a min\u0163ii prin g\u00e2ndire S-a n\u0103scut, realiz\u00e2ndu-se \u00een Paradis. \u015ei Domnul, privindu-i \u00een nenorocire [&hellip;]<\/p>\n","protected":false},"author":9,"featured_media":0,"comment_status":"open","ping_status":"closed","sticky":false,"template":"","format":"standard","meta":{"_monsterinsights_skip_tracking":false,"_monsterinsights_sitenote_active":false,"_monsterinsights_sitenote_note":"","_monsterinsights_sitenote_category":0,"footnotes":""},"categories":[134],"tags":[208,209,126],"class_list":["post-5958","post","type-post","status-publish","format-standard","hentry","category-generale","tag-flavius","tag-laurian","tag-poezie"],"_links":{"self":[{"href":"https:\/\/intercer.net\/blogs\/poeziisieditoriale\/wp-json\/wp\/v2\/posts\/5958","targetHints":{"allow":["GET"]}}],"collection":[{"href":"https:\/\/intercer.net\/blogs\/poeziisieditoriale\/wp-json\/wp\/v2\/posts"}],"about":[{"href":"https:\/\/intercer.net\/blogs\/poeziisieditoriale\/wp-json\/wp\/v2\/types\/post"}],"author":[{"embeddable":true,"href":"https:\/\/intercer.net\/blogs\/poeziisieditoriale\/wp-json\/wp\/v2\/users\/9"}],"replies":[{"embeddable":true,"href":"https:\/\/intercer.net\/blogs\/poeziisieditoriale\/wp-json\/wp\/v2\/comments?post=5958"}],"version-history":[{"count":3,"href":"https:\/\/intercer.net\/blogs\/poeziisieditoriale\/wp-json\/wp\/v2\/posts\/5958\/revisions"}],"predecessor-version":[{"id":5961,"href":"https:\/\/intercer.net\/blogs\/poeziisieditoriale\/wp-json\/wp\/v2\/posts\/5958\/revisions\/5961"}],"wp:attachment":[{"href":"https:\/\/intercer.net\/blogs\/poeziisieditoriale\/wp-json\/wp\/v2\/media?parent=5958"}],"wp:term":[{"taxonomy":"category","embeddable":true,"href":"https:\/\/intercer.net\/blogs\/poeziisieditoriale\/wp-json\/wp\/v2\/categories?post=5958"},{"taxonomy":"post_tag","embeddable":true,"href":"https:\/\/intercer.net\/blogs\/poeziisieditoriale\/wp-json\/wp\/v2\/tags?post=5958"}],"curies":[{"name":"wp","href":"https:\/\/api.w.org\/{rel}","templated":true}]}}