{"id":5962,"date":"2019-05-21T03:51:32","date_gmt":"2019-05-21T10:51:32","guid":{"rendered":"https:\/\/intercer.net\/blogs\/poeziisieditoriale\/?p=5962"},"modified":"2019-05-22T05:47:56","modified_gmt":"2019-05-22T12:47:56","slug":"implinire","status":"publish","type":"post","link":"https:\/\/intercer.net\/blogs\/poeziisieditoriale\/generale\/implinire.html","title":{"rendered":"\u00cemplinire"},"content":{"rendered":"<p>\u00cemplinire<\/p>\n<p>\u00cen planul sf\u00e2nt de m\u00e2ntuire<br \/>\nCa s\u0103 vedem c\u0103 s-a-mplinit,<br \/>\nSus, pe cerul nop\u0163ii a r\u0103s\u0103rit<br \/>\nO stea vestit\u0103 \u00een str\u0103lucire<br \/>\nDoamne despre-a Ta m\u0103rire<br \/>\nC\u0103-n toate pururi e\u015fti sl\u0103vit!<\/p>\n<p>\u015ei ea \u0162i-a anun\u0163at venirea<br \/>\nPuternic \u00een cuv\u00e2nt \u015fi fapte,<br \/>\n\u00cenving\u00e2nd cumplita moarte<br \/>\nCe produsese desp\u0103r\u0163irea<br \/>\n\u00cen Raiul sf\u00e2nt, cu am\u0103girea<br \/>\nC\u00e2nd a c\u0103zut \u00eent\u00e2ia noapte.<\/p>\n<p>Peste pr\u0103pastia \u00eengrozitoare<br \/>\nAi trecut Doamne, prin har,<br \/>\n\u015ei-n Jertfa mare din Calvar<br \/>\nLumii-ai adus r\u0103scump\u0103rare<br \/>\nPrin s\u00e2ngele sf\u00e2nt \u00een v\u0103rsare<br \/>\n\u015etreg\u00e2nd al mor\u0163ii crud hotar!<\/p>\n<p>Ne-ai deschis drumul \u00eenchis<br \/>\nSpre via\u0163a ve\u015fnic\u0103, pierdut\u0103,<br \/>\nPrin Jertfa scump\u0103, absolut\u0103,<br \/>\nPentru-a intra iar \u00een Paradis<br \/>\nDin ve\u015fnicii, prin har promis<br \/>\nDup\u0103 victoria cea ob\u0163inut\u0103!<\/p>\n<p>Flavius Laurian Duverna<br \/>\n21mai 2019<\/p>\n<p>    Resurse similare\/alte versiuni<\/p>\n","protected":false},"excerpt":{"rendered":"<p>\u00cemplinire \u00cen planul sf\u00e2nt de m\u00e2ntuire Ca s\u0103 vedem c\u0103 s-a-mplinit, Sus, pe cerul nop\u0163ii a r\u0103s\u0103rit O stea vestit\u0103 \u00een str\u0103lucire Doamne despre-a Ta m\u0103rire C\u0103-n toate pururi e\u015fti sl\u0103vit! \u015ei ea \u0162i-a anun\u0163at venirea Puternic \u00een cuv\u00e2nt \u015fi fapte, \u00cenving\u00e2nd cumplita moarte Ce produsese desp\u0103r\u0163irea \u00cen Raiul sf\u00e2nt, cu am\u0103girea C\u00e2nd a c\u0103zut [&hellip;]<\/p>\n","protected":false},"author":9,"featured_media":0,"comment_status":"open","ping_status":"closed","sticky":false,"template":"","format":"standard","meta":{"_monsterinsights_skip_tracking":false,"_monsterinsights_sitenote_active":false,"_monsterinsights_sitenote_note":"","_monsterinsights_sitenote_category":0,"footnotes":""},"categories":[134,135,139],"tags":[224,208,209,214,126,404],"class_list":["post-5962","post","type-post","status-publish","format-standard","hentry","category-generale","category-isus-hristos","category-lauda","tag-calvar","tag-flavius","tag-laurian","tag-mantuire","tag-poezie","tag-vesnicie"],"_links":{"self":[{"href":"https:\/\/intercer.net\/blogs\/poeziisieditoriale\/wp-json\/wp\/v2\/posts\/5962","targetHints":{"allow":["GET"]}}],"collection":[{"href":"https:\/\/intercer.net\/blogs\/poeziisieditoriale\/wp-json\/wp\/v2\/posts"}],"about":[{"href":"https:\/\/intercer.net\/blogs\/poeziisieditoriale\/wp-json\/wp\/v2\/types\/post"}],"author":[{"embeddable":true,"href":"https:\/\/intercer.net\/blogs\/poeziisieditoriale\/wp-json\/wp\/v2\/users\/9"}],"replies":[{"embeddable":true,"href":"https:\/\/intercer.net\/blogs\/poeziisieditoriale\/wp-json\/wp\/v2\/comments?post=5962"}],"version-history":[{"count":4,"href":"https:\/\/intercer.net\/blogs\/poeziisieditoriale\/wp-json\/wp\/v2\/posts\/5962\/revisions"}],"predecessor-version":[{"id":5966,"href":"https:\/\/intercer.net\/blogs\/poeziisieditoriale\/wp-json\/wp\/v2\/posts\/5962\/revisions\/5966"}],"wp:attachment":[{"href":"https:\/\/intercer.net\/blogs\/poeziisieditoriale\/wp-json\/wp\/v2\/media?parent=5962"}],"wp:term":[{"taxonomy":"category","embeddable":true,"href":"https:\/\/intercer.net\/blogs\/poeziisieditoriale\/wp-json\/wp\/v2\/categories?post=5962"},{"taxonomy":"post_tag","embeddable":true,"href":"https:\/\/intercer.net\/blogs\/poeziisieditoriale\/wp-json\/wp\/v2\/tags?post=5962"}],"curies":[{"name":"wp","href":"https:\/\/api.w.org\/{rel}","templated":true}]}}