{"id":6014,"date":"2019-07-04T08:26:04","date_gmt":"2019-07-04T15:26:04","guid":{"rendered":"https:\/\/intercer.net\/blogs\/poeziisieditoriale\/?p=6014"},"modified":"2019-07-04T08:26:04","modified_gmt":"2019-07-04T15:26:04","slug":"rondelul-universurilor","status":"publish","type":"post","link":"https:\/\/intercer.net\/blogs\/poeziisieditoriale\/generale\/rondelul-universurilor.html","title":{"rendered":"Rondelul Universurilor"},"content":{"rendered":"<p>Rondelul Universurilor ( II )<\/p>\n<p>Prin Cuv\u00e2nt, acum noi \u015ftim<br \/>\nC-a fost un Univers Ceresc<br \/>\nCu-n Tron al Tat\u0103lui Regesc,<br \/>\nPurtat pe-aripi, de heruvimi.<\/p>\n<p>C\u00e2nd noi, S-a hot\u0103r\u00eet s\u0103 fim<br \/>\n\u00centr-alt Univers, P\u0103m\u00e2ntesc,<br \/>\nPrin Cuv\u00e2nt, acum noi \u015ftim<br \/>\nC-a fost un Univers Ceresc.<\/p>\n<p>\u015ei-n Universul nou, sublim<br \/>\nMister, \u00een neamul \u00eengeresc &#8211;<br \/>\nTat\u0103l, \u00een planu-I \u00een\u0163elep\u0163esc<br \/>\nA creat om, cu chip \u201edivin\u201d&#8230;<br \/>\nPrin Cuv\u00e2nt, acum noi \u015ftim,<\/p>\n<p>C-a fost un Univeres Ceresc!<\/p>\n<p>Flavius Laurian Duverna<br \/>\n04 iulie 2019<\/p>\n","protected":false},"excerpt":{"rendered":"<p>Rondelul Universurilor ( II ) Prin Cuv\u00e2nt, acum noi \u015ftim C-a fost un Univers Ceresc Cu-n Tron al Tat\u0103lui Regesc, Purtat pe-aripi, de heruvimi. C\u00e2nd noi, S-a hot\u0103r\u00eet s\u0103 fim \u00centr-alt Univers, P\u0103m\u00e2ntesc, Prin Cuv\u00e2nt, acum noi \u015ftim C-a fost un Univers Ceresc. \u015ei-n Universul nou, sublim Mister, \u00een neamul \u00eengeresc &#8211; Tat\u0103l, \u00een planu-I [&hellip;]<\/p>\n","protected":false},"author":9,"featured_media":0,"comment_status":"open","ping_status":"closed","sticky":false,"template":"","format":"standard","meta":{"_monsterinsights_skip_tracking":false,"_monsterinsights_sitenote_active":false,"_monsterinsights_sitenote_note":"","_monsterinsights_sitenote_category":0,"footnotes":""},"categories":[134],"tags":[391,208,209,126],"class_list":["post-6014","post","type-post","status-publish","format-standard","hentry","category-generale","tag-cuvant","tag-flavius","tag-laurian","tag-poezie"],"_links":{"self":[{"href":"https:\/\/intercer.net\/blogs\/poeziisieditoriale\/wp-json\/wp\/v2\/posts\/6014","targetHints":{"allow":["GET"]}}],"collection":[{"href":"https:\/\/intercer.net\/blogs\/poeziisieditoriale\/wp-json\/wp\/v2\/posts"}],"about":[{"href":"https:\/\/intercer.net\/blogs\/poeziisieditoriale\/wp-json\/wp\/v2\/types\/post"}],"author":[{"embeddable":true,"href":"https:\/\/intercer.net\/blogs\/poeziisieditoriale\/wp-json\/wp\/v2\/users\/9"}],"replies":[{"embeddable":true,"href":"https:\/\/intercer.net\/blogs\/poeziisieditoriale\/wp-json\/wp\/v2\/comments?post=6014"}],"version-history":[{"count":1,"href":"https:\/\/intercer.net\/blogs\/poeziisieditoriale\/wp-json\/wp\/v2\/posts\/6014\/revisions"}],"predecessor-version":[{"id":6015,"href":"https:\/\/intercer.net\/blogs\/poeziisieditoriale\/wp-json\/wp\/v2\/posts\/6014\/revisions\/6015"}],"wp:attachment":[{"href":"https:\/\/intercer.net\/blogs\/poeziisieditoriale\/wp-json\/wp\/v2\/media?parent=6014"}],"wp:term":[{"taxonomy":"category","embeddable":true,"href":"https:\/\/intercer.net\/blogs\/poeziisieditoriale\/wp-json\/wp\/v2\/categories?post=6014"},{"taxonomy":"post_tag","embeddable":true,"href":"https:\/\/intercer.net\/blogs\/poeziisieditoriale\/wp-json\/wp\/v2\/tags?post=6014"}],"curies":[{"name":"wp","href":"https:\/\/api.w.org\/{rel}","templated":true}]}}