{"id":6016,"date":"2019-07-05T07:18:31","date_gmt":"2019-07-05T14:18:31","guid":{"rendered":"https:\/\/intercer.net\/blogs\/poeziisieditoriale\/?p=6016"},"modified":"2019-07-05T07:18:31","modified_gmt":"2019-07-05T14:18:31","slug":"rondelul-alungarii-imparatului-david","status":"publish","type":"post","link":"https:\/\/intercer.net\/blogs\/poeziisieditoriale\/generale\/rondelul-alungarii-imparatului-david.html","title":{"rendered":"Rondelul alung\u0103rii \u00cemp\u0103ratului David"},"content":{"rendered":"<p>Rondelul alung\u0103rii \u00cemp\u0103ratului David<\/p>\n<p>Descul\u0163 \u015fi pl\u00e2ng\u00e2nd, suia muntele m\u00e2hnit<br \/>\n\u00cemp\u0103ratul David, dorind via\u0163a s\u0103 \u00ee\u015fi scape<br \/>\nDe fiul s\u0103u Absalom, urm\u0103rit de-aproape,<br \/>\nPentru a-l prinde-n fuga sa, \u015fi-a fi nimicit.<\/p>\n<p>\u00cen timp ce mergeau, un blestem s-a auzit&#8230;<br \/>\n\u015eimei da cu pietre \u015fi v\u00e2ntura praf \u00een spate;<br \/>\nDescul\u0163 \u015fi pl\u00e2ng\u00e2nd, suia muntele m\u00e2hnit<br \/>\n\u00cemp\u0103ratul David, dorind via\u0163a s\u0103 \u00ee\u015fi scape.<\/p>\n<p>Tocmai, c\u00e2nd era nevoia, de-a fi sprijinit<br \/>\nBlestemul se \u00eente\u0163ea, s\u0103 nu intre \u00een cetate,<br \/>\nAbi\u015fai, i s-a opus:&#8221;S\u0103-i tai capul \u00cemp\u0103rate?<br \/>\nNu! Poate Domnu\u2019a zis: \u0162ine-te de fug\u0103rit!&#8221;<br \/>\nDescul\u0163 \u015fi pl\u00e2ng\u00e2nd, suia muntele m\u00e2hnit<\/p>\n<p>\u00cemp\u0103ratul David, dorind via\u0163a s\u0103 \u00ee\u015fi scape.<\/p>\n<p>Flavius Laurian Duverna<\/p>\n","protected":false},"excerpt":{"rendered":"<p>Rondelul alung\u0103rii \u00cemp\u0103ratului David Descul\u0163 \u015fi pl\u00e2ng\u00e2nd, suia muntele m\u00e2hnit \u00cemp\u0103ratul David, dorind via\u0163a s\u0103 \u00ee\u015fi scape De fiul s\u0103u Absalom, urm\u0103rit de-aproape, Pentru a-l prinde-n fuga sa, \u015fi-a fi nimicit. \u00cen timp ce mergeau, un blestem s-a auzit&#8230; \u015eimei da cu pietre \u015fi v\u00e2ntura praf \u00een spate; Descul\u0163 \u015fi pl\u00e2ng\u00e2nd, suia muntele m\u00e2hnit \u00cemp\u0103ratul [&hellip;]<\/p>\n","protected":false},"author":9,"featured_media":0,"comment_status":"open","ping_status":"closed","sticky":false,"template":"","format":"standard","meta":{"_monsterinsights_skip_tracking":false,"_monsterinsights_sitenote_active":false,"_monsterinsights_sitenote_note":"","_monsterinsights_sitenote_category":0,"footnotes":""},"categories":[136,134],"tags":[208,209,126],"class_list":["post-6016","post","type-post","status-publish","format-standard","hentry","category-evenimente","category-generale","tag-flavius","tag-laurian","tag-poezie"],"_links":{"self":[{"href":"https:\/\/intercer.net\/blogs\/poeziisieditoriale\/wp-json\/wp\/v2\/posts\/6016","targetHints":{"allow":["GET"]}}],"collection":[{"href":"https:\/\/intercer.net\/blogs\/poeziisieditoriale\/wp-json\/wp\/v2\/posts"}],"about":[{"href":"https:\/\/intercer.net\/blogs\/poeziisieditoriale\/wp-json\/wp\/v2\/types\/post"}],"author":[{"embeddable":true,"href":"https:\/\/intercer.net\/blogs\/poeziisieditoriale\/wp-json\/wp\/v2\/users\/9"}],"replies":[{"embeddable":true,"href":"https:\/\/intercer.net\/blogs\/poeziisieditoriale\/wp-json\/wp\/v2\/comments?post=6016"}],"version-history":[{"count":1,"href":"https:\/\/intercer.net\/blogs\/poeziisieditoriale\/wp-json\/wp\/v2\/posts\/6016\/revisions"}],"predecessor-version":[{"id":6017,"href":"https:\/\/intercer.net\/blogs\/poeziisieditoriale\/wp-json\/wp\/v2\/posts\/6016\/revisions\/6017"}],"wp:attachment":[{"href":"https:\/\/intercer.net\/blogs\/poeziisieditoriale\/wp-json\/wp\/v2\/media?parent=6016"}],"wp:term":[{"taxonomy":"category","embeddable":true,"href":"https:\/\/intercer.net\/blogs\/poeziisieditoriale\/wp-json\/wp\/v2\/categories?post=6016"},{"taxonomy":"post_tag","embeddable":true,"href":"https:\/\/intercer.net\/blogs\/poeziisieditoriale\/wp-json\/wp\/v2\/tags?post=6016"}],"curies":[{"name":"wp","href":"https:\/\/api.w.org\/{rel}","templated":true}]}}