{"id":6025,"date":"2019-07-17T10:17:46","date_gmt":"2019-07-17T17:17:46","guid":{"rendered":"https:\/\/intercer.net\/blogs\/poeziisieditoriale\/?p=6025"},"modified":"2019-07-17T10:17:46","modified_gmt":"2019-07-17T17:17:46","slug":"sunt-o-faptura-minunata","status":"publish","type":"post","link":"https:\/\/intercer.net\/blogs\/poeziisieditoriale\/generale\/sunt-o-faptura-minunata.html","title":{"rendered":"Sunt o f\u0103ptur\u0103 minunat\u0103"},"content":{"rendered":"<p>Sunt o f\u0103ptur\u0103 minunat\u0103<\/p>\n<p>Motto: Ps. 139,4.&#8221; Te laud c\u0103 sunt o f\u0103ptur\u0103<br \/>\na\u015fa de minunat\u0103. Minunate sunt lucr\u0103rile Tale,<br \/>\n\u015fi ce bine vede sufletul meu lucrul acesta!&#8221;<\/p>\n<p>Tu, Doamne, pus-ai \u00een a mea f\u0103ptur\u0103<br \/>\nMinuni de sim\u0163uri c\u00e2nd a fost creat\u0103;<br \/>\nCu legi \u015fi cu sisteme ea fost dotat\u0103<br \/>\n\u015ei-n binele fiin\u0163ei mele acum concur\u0103,<br \/>\nToate, fiind implementate cu m\u0103sur\u0103<br \/>\nPrin gena ce-n crea\u0163ie ne-a fost l\u0103sat\u0103!<\/p>\n<p>Sim\u0163urile, acest sistem de-analizare<br \/>\nSunt por\u0163i, prin care pot intra duium<br \/>\nMul\u0163imi de sunete, &#8216; n-al vie\u0163ii drum,<br \/>\nSunete, ce pot s-ajute spre formare<br \/>\nA unui caracter bun sau spre ruinare,<br \/>\nLipsit, de calit\u0103\u0163ile suave de parfum.<\/p>\n<p>Prin ajutoru-acestui minunat sistem<br \/>\nSim\u0163im intensitatea v\u00e2ntului sufl\u00e2nd<br \/>\n\u015ei fo\u015fnetul u\u015for de frunze frem\u0103t\u00e2nd,<br \/>\n\u015ei c\u00e2ntul lin al p\u0103s\u0103relelor percepem<br \/>\n\u015ei clipocitul apei unduind \u00eel \u00een\u0163elegem<br \/>\nC\u00e2nd st\u0103m privind aten\u0163i \u015fi cuget\u00e2nd.<\/p>\n<p>Auzul! Primul sistem, denumit auditiv<br \/>\nCompus din membranele vibratoare,<br \/>\nCu tubulii, lichid \u015fi cilii, \u00een activare &#8211;<br \/>\nPrin celule, toate \u00ee-\u015fi fac rolul pozitiv,<br \/>\nDuc\u00e2nd la creer un raport competitiv<br \/>\nAl vie\u0163ii, ce se-nt\u00e2mpl\u0103 \u00een desf\u0103\u015furare.<\/p>\n<p>\u015ei v\u0103zul, sistem optic cu informa\u0163ii,<br \/>\nPrin impulsuri mintea o influen\u0163eaz\u0103<br \/>\nFie-n bine, fie-n r\u0103u o degradeaz\u0103,<br \/>\nN\u0103sc\u00e2nd emo\u0163ii pe f\u0103ga\u015ful de crea\u0163ii,<br \/>\nAduc\u00e2nd repulsii, atrac\u0163ii \u015fi senza\u0163ii<br \/>\n\u015ei binecuv\u00e2nt\u0103ri acelui ce vegheaz\u0103.<\/p>\n<p>Gustul, sistemul cel bucal cu senzori<br \/>\nLega\u0163i printr-o re\u0163ea unic\u0103-n monolit,<br \/>\nE parte, din minunile c\u00e2nd m-ai zidit<br \/>\nPentru-a se aprecia nuan\u0163e de gust\u0103ri,<br \/>\nC\u0103ci via\u0163a, ea e sus\u0163inut\u0103 de m\u00e2nc\u0103ri<br \/>\nCe corpului aduc, t\u0103ria lui de monolit.<\/p>\n<p>Mirosul, sistemul de celule adaptate,<br \/>\nCele, care transform\u0103 agentul volatil<br \/>\n\u00cen impulsuri nervoase, le m\u00e2n\u0103 docil,<br \/>\nLa creer, \u00eentr-o baz\u0103 de date stocate,<br \/>\nDe unde pornesc, spre a fi apreciate<br \/>\n\u00cen trecerea vie\u0163ii, dela v\u00e2rsta de copil.<\/p>\n<p>\u015ei sistemul cel tactil, e ultimul sistem!<br \/>\nE cel de a-l cincelea sim\u0163, \u015fi duritatea,<br \/>\nEl e f\u0103cut s-o stabileasc\u0103-n claritatea<br \/>\nOrganelor interne \u015fi externe ce avem,<br \/>\nC\u00e2nd la examinare, un verdict \u00eel vrem<br \/>\nCa s\u0103 cunoa\u015ftem pe deplin exactitatea.<\/p>\n<p>\u015ei Doamne, pentru aceste sim\u0163uri vii<br \/>\nCu care Tu dotatu-mai de la crea\u0163iune,<br \/>\nCuprinse-n zicerea: &#8221; c\u0103-s foarte bune\u201d<br \/>\n\u015ei g\u00e2ndu-mi, dac\u0103 caut\u0103 spre ve\u015fnicii,<br \/>\nTe laud, \u015fi inima-mi tresalt\u0103-n bucurii<br \/>\nCe face-n c\u00e2ntece de slav\u0103 s\u0103 r\u0103sune!<\/p>\n<p>C\u0103ci Doamne, sunt o f\u0103ptur\u0103 minunat\u0103<br \/>\n\u015ei n-am cuvinte \u00eendestul de mul\u0163umire,<br \/>\nNici de recuno\u015ftin\u0163\u0103 pentru-a Ta iubire,<br \/>\nPrin faptul, c\u0103 dup-a-L T\u0103u chip creat\u0103<br \/>\nA rezistat \u00een lupta miilor de ani purtat\u0103<br \/>\nPrin gena ce-n crea\u0163ie ne-a fost l\u0103sat\u0103!<\/p>\n<p>Flavius Laurian Duverna<\/p>\n","protected":false},"excerpt":{"rendered":"<p>Sunt o f\u0103ptur\u0103 minunat\u0103 Motto: Ps. 139,4.&#8221; Te laud c\u0103 sunt o f\u0103ptur\u0103 a\u015fa de minunat\u0103. Minunate sunt lucr\u0103rile Tale, \u015fi ce bine vede sufletul meu lucrul acesta!&#8221; Tu, Doamne, pus-ai \u00een a mea f\u0103ptur\u0103 Minuni de sim\u0163uri c\u00e2nd a fost creat\u0103; Cu legi \u015fi cu sisteme ea fost dotat\u0103 \u015ei-n binele fiin\u0163ei mele acum [&hellip;]<\/p>\n","protected":false},"author":9,"featured_media":0,"comment_status":"open","ping_status":"closed","sticky":false,"template":"","format":"standard","meta":{"_monsterinsights_skip_tracking":false,"_monsterinsights_sitenote_active":false,"_monsterinsights_sitenote_note":"","_monsterinsights_sitenote_category":0,"footnotes":""},"categories":[134],"tags":[208,31,209,126,404],"class_list":["post-6025","post","type-post","status-publish","format-standard","hentry","category-generale","tag-flavius","tag-iubire","tag-laurian","tag-poezie","tag-vesnicie"],"_links":{"self":[{"href":"https:\/\/intercer.net\/blogs\/poeziisieditoriale\/wp-json\/wp\/v2\/posts\/6025","targetHints":{"allow":["GET"]}}],"collection":[{"href":"https:\/\/intercer.net\/blogs\/poeziisieditoriale\/wp-json\/wp\/v2\/posts"}],"about":[{"href":"https:\/\/intercer.net\/blogs\/poeziisieditoriale\/wp-json\/wp\/v2\/types\/post"}],"author":[{"embeddable":true,"href":"https:\/\/intercer.net\/blogs\/poeziisieditoriale\/wp-json\/wp\/v2\/users\/9"}],"replies":[{"embeddable":true,"href":"https:\/\/intercer.net\/blogs\/poeziisieditoriale\/wp-json\/wp\/v2\/comments?post=6025"}],"version-history":[{"count":1,"href":"https:\/\/intercer.net\/blogs\/poeziisieditoriale\/wp-json\/wp\/v2\/posts\/6025\/revisions"}],"predecessor-version":[{"id":6026,"href":"https:\/\/intercer.net\/blogs\/poeziisieditoriale\/wp-json\/wp\/v2\/posts\/6025\/revisions\/6026"}],"wp:attachment":[{"href":"https:\/\/intercer.net\/blogs\/poeziisieditoriale\/wp-json\/wp\/v2\/media?parent=6025"}],"wp:term":[{"taxonomy":"category","embeddable":true,"href":"https:\/\/intercer.net\/blogs\/poeziisieditoriale\/wp-json\/wp\/v2\/categories?post=6025"},{"taxonomy":"post_tag","embeddable":true,"href":"https:\/\/intercer.net\/blogs\/poeziisieditoriale\/wp-json\/wp\/v2\/tags?post=6025"}],"curies":[{"name":"wp","href":"https:\/\/api.w.org\/{rel}","templated":true}]}}