{"id":6063,"date":"2019-10-10T23:53:26","date_gmt":"2019-10-11T06:53:26","guid":{"rendered":"https:\/\/intercer.net\/blogs\/poeziisieditoriale\/?p=6063"},"modified":"2019-10-10T23:53:26","modified_gmt":"2019-10-11T06:53:26","slug":"rondelul-unei-dimineti-de-toamna-2","status":"publish","type":"post","link":"https:\/\/intercer.net\/blogs\/poeziisieditoriale\/natura\/rondelul-unei-dimineti-de-toamna-2.html","title":{"rendered":"Rondelul unei dimine\u0163i de Toamn\u0103"},"content":{"rendered":"<p>Rondelul unei dimine\u0163i de Toamn\u0103<\/p>\n<p>O, at\u00e2ta-i de frumos, \u00een zi de Toamn\u0103,<br \/>\nC\u00e2nd se revars\u0103 zorii-n picurii de rou\u0103<br \/>\n\u015ei ofer\u0103 sub soare, &#8211; o priveli\u015fte nou\u0103<br \/>\nCe-n inspira\u0163ii la reflec\u0163ii ne \u00eendeamn\u0103!<\/p>\n<p>Prin frumuse\u0163i, ca \u015fi-o aleas\u0103 Doamn\u0103<br \/>\nNatura-nvioreaz\u0103 ca atunci c\u00e2nd plou\u0103;<br \/>\n\u015ei-at\u00e2ta-i de frumos, \u00een zi de Toamn\u0103,<br \/>\nC\u00e2nd se revars\u0103 zorii-n picurii de rou\u0103!<\/p>\n<p>E-o bucurie, ce nu se taie pe din dou\u0103!<br \/>\nPrezen\u0163a ei e-n fiecare zi de diminea\u0163\u0103;<br \/>\n\u015ei zi \u015fi noapte, concomitent am\u00e2ndou\u0103<br \/>\n\u00cen sublim, rena\u015fte dragostea de via\u0163\u0103&#8230;<br \/>\nO, at\u00e2ta-i de frumos, \u00een zi de Toamn\u0103,<\/p>\n<p>C\u00e2nd se revars\u0103 zorii-n picurii de rou\u0103!<\/p>\n<p>Flavius Laurian Duverna<\/p>\n","protected":false},"excerpt":{"rendered":"<p>Rondelul unei dimine\u0163i de Toamn\u0103 O, at\u00e2ta-i de frumos, \u00een zi de Toamn\u0103, C\u00e2nd se revars\u0103 zorii-n picurii de rou\u0103 \u015ei ofer\u0103 sub soare, &#8211; o priveli\u015fte nou\u0103 Ce-n inspira\u0163ii la reflec\u0163ii ne \u00eendeamn\u0103! Prin frumuse\u0163i, ca \u015fi-o aleas\u0103 Doamn\u0103 Natura-nvioreaz\u0103 ca atunci c\u00e2nd plou\u0103; \u015ei-at\u00e2ta-i de frumos, \u00een zi de Toamn\u0103, C\u00e2nd se revars\u0103 [&hellip;]<\/p>\n","protected":false},"author":9,"featured_media":0,"comment_status":"open","ping_status":"closed","sticky":false,"template":"","format":"standard","meta":{"_monsterinsights_skip_tracking":false,"_monsterinsights_sitenote_active":false,"_monsterinsights_sitenote_note":"","_monsterinsights_sitenote_category":0,"footnotes":""},"categories":[136,12],"tags":[397,126],"class_list":["post-6063","post","type-post","status-publish","format-standard","hentry","category-evenimente","category-natura","tag-dragostea","tag-poezie"],"_links":{"self":[{"href":"https:\/\/intercer.net\/blogs\/poeziisieditoriale\/wp-json\/wp\/v2\/posts\/6063","targetHints":{"allow":["GET"]}}],"collection":[{"href":"https:\/\/intercer.net\/blogs\/poeziisieditoriale\/wp-json\/wp\/v2\/posts"}],"about":[{"href":"https:\/\/intercer.net\/blogs\/poeziisieditoriale\/wp-json\/wp\/v2\/types\/post"}],"author":[{"embeddable":true,"href":"https:\/\/intercer.net\/blogs\/poeziisieditoriale\/wp-json\/wp\/v2\/users\/9"}],"replies":[{"embeddable":true,"href":"https:\/\/intercer.net\/blogs\/poeziisieditoriale\/wp-json\/wp\/v2\/comments?post=6063"}],"version-history":[{"count":1,"href":"https:\/\/intercer.net\/blogs\/poeziisieditoriale\/wp-json\/wp\/v2\/posts\/6063\/revisions"}],"predecessor-version":[{"id":6064,"href":"https:\/\/intercer.net\/blogs\/poeziisieditoriale\/wp-json\/wp\/v2\/posts\/6063\/revisions\/6064"}],"wp:attachment":[{"href":"https:\/\/intercer.net\/blogs\/poeziisieditoriale\/wp-json\/wp\/v2\/media?parent=6063"}],"wp:term":[{"taxonomy":"category","embeddable":true,"href":"https:\/\/intercer.net\/blogs\/poeziisieditoriale\/wp-json\/wp\/v2\/categories?post=6063"},{"taxonomy":"post_tag","embeddable":true,"href":"https:\/\/intercer.net\/blogs\/poeziisieditoriale\/wp-json\/wp\/v2\/tags?post=6063"}],"curies":[{"name":"wp","href":"https:\/\/api.w.org\/{rel}","templated":true}]}}