{"id":6121,"date":"2019-11-20T03:13:48","date_gmt":"2019-11-20T11:13:48","guid":{"rendered":"https:\/\/intercer.net\/blogs\/poeziisieditoriale\/?p=6121"},"modified":"2019-11-20T03:13:48","modified_gmt":"2019-11-20T11:13:48","slug":"mama-in-amintiri","status":"publish","type":"post","link":"https:\/\/intercer.net\/blogs\/poeziisieditoriale\/generale\/mama-in-amintiri.html","title":{"rendered":"Mama, \u00een amintiri"},"content":{"rendered":"<p>Mama, \u00een amintiri<\/p>\n<p>C\u00e2nd cuget cum pe l\u00e2ng\u0103 mama stam<br \/>\n\u015ei zilnic, de sub priviri nu o sc\u0103pam,<br \/>\n\u00cen anii aceia, dragi \u015fi dulci copil\u0103riei<br \/>\nM-apuc\u0103 dorul ne\u00eenvins al nostalgiei<br \/>\n\u015ei c\u00e2t a\u015f vrea acum, al\u0103turea s-o am.<\/p>\n<p>C\u0103ci capul, cum \u00eel puneam \u00een poala ei<br \/>\nAtunci pe loc sim\u0163eam fiorii dragostei,<br \/>\nAi dragostei fierbin\u0163i de scump\u0103 mam\u0103<br \/>\nUn ad\u0103post, f\u0103r\u0103 de griji \u015fi f\u0103r\u0103 team\u0103<br \/>\n\u015ei ocrotire-n ceasuri grele ale spaimei.<\/p>\n<p>\u00cen somnu-at\u00e2t de dulce ce-l dormeam<br \/>\nParc\u0103-nt\u0103riri noi, \u00een corp mi-asimilam,<br \/>\n\u015ei m\u0103 trezeam&#8230;la bl\u00e2nda-i m\u00e2ng\u00e2iere<br \/>\nCu for\u0163e mari, sim\u0163indu-m\u0103-n putere,<br \/>\nSpre bucuria ei, ce-n Domnul o tr\u0103iam.<\/p>\n<p>Flavius Laurian Duverna<br \/>\n18 noiembrie 2019<\/p>\n","protected":false},"excerpt":{"rendered":"<p>Mama, \u00een amintiri C\u00e2nd cuget cum pe l\u00e2ng\u0103 mama stam \u015ei zilnic, de sub priviri nu o sc\u0103pam, \u00cen anii aceia, dragi \u015fi dulci copil\u0103riei M-apuc\u0103 dorul ne\u00eenvins al nostalgiei \u015ei c\u00e2t a\u015f vrea acum, al\u0103turea s-o am. C\u0103ci capul, cum \u00eel puneam \u00een poala ei Atunci pe loc sim\u0163eam fiorii dragostei, Ai dragostei fierbin\u0163i [&hellip;]<\/p>\n","protected":false},"author":9,"featured_media":0,"comment_status":"open","ping_status":"closed","sticky":false,"template":"","format":"standard","meta":{"_monsterinsights_skip_tracking":false,"_monsterinsights_sitenote_active":false,"_monsterinsights_sitenote_note":"","_monsterinsights_sitenote_category":0,"footnotes":""},"categories":[134],"tags":[208,209,126],"class_list":["post-6121","post","type-post","status-publish","format-standard","hentry","category-generale","tag-flavius","tag-laurian","tag-poezie"],"_links":{"self":[{"href":"https:\/\/intercer.net\/blogs\/poeziisieditoriale\/wp-json\/wp\/v2\/posts\/6121","targetHints":{"allow":["GET"]}}],"collection":[{"href":"https:\/\/intercer.net\/blogs\/poeziisieditoriale\/wp-json\/wp\/v2\/posts"}],"about":[{"href":"https:\/\/intercer.net\/blogs\/poeziisieditoriale\/wp-json\/wp\/v2\/types\/post"}],"author":[{"embeddable":true,"href":"https:\/\/intercer.net\/blogs\/poeziisieditoriale\/wp-json\/wp\/v2\/users\/9"}],"replies":[{"embeddable":true,"href":"https:\/\/intercer.net\/blogs\/poeziisieditoriale\/wp-json\/wp\/v2\/comments?post=6121"}],"version-history":[{"count":1,"href":"https:\/\/intercer.net\/blogs\/poeziisieditoriale\/wp-json\/wp\/v2\/posts\/6121\/revisions"}],"predecessor-version":[{"id":6122,"href":"https:\/\/intercer.net\/blogs\/poeziisieditoriale\/wp-json\/wp\/v2\/posts\/6121\/revisions\/6122"}],"wp:attachment":[{"href":"https:\/\/intercer.net\/blogs\/poeziisieditoriale\/wp-json\/wp\/v2\/media?parent=6121"}],"wp:term":[{"taxonomy":"category","embeddable":true,"href":"https:\/\/intercer.net\/blogs\/poeziisieditoriale\/wp-json\/wp\/v2\/categories?post=6121"},{"taxonomy":"post_tag","embeddable":true,"href":"https:\/\/intercer.net\/blogs\/poeziisieditoriale\/wp-json\/wp\/v2\/tags?post=6121"}],"curies":[{"name":"wp","href":"https:\/\/api.w.org\/{rel}","templated":true}]}}