{"id":6148,"date":"2019-12-29T03:18:40","date_gmt":"2019-12-29T11:18:40","guid":{"rendered":"https:\/\/intercer.net\/blogs\/poeziisieditoriale\/?p=6148"},"modified":"2019-12-29T03:18:40","modified_gmt":"2019-12-29T11:18:40","slug":"magii-intelepti","status":"publish","type":"post","link":"https:\/\/intercer.net\/blogs\/poeziisieditoriale\/generale\/magii-intelepti.html","title":{"rendered":"Magii \u00een\u0163elep\u0163i"},"content":{"rendered":"<p>Magii \u00een\u0163elep\u0163i<\/p>\n<p>&#8230;\u015ei au venit s\u0103 se \u00eenchine<br \/>\nLa Pruncul, \u00cemp\u0103rat vestit<br \/>\nCum \u00een Scripturi e profe\u0163it,<br \/>\nCu visterii de daruri pline<br \/>\nMagii \u00een\u0163elep\u0163i, din R\u0103s\u0103rit.<\/p>\n<p>\u00cen noapte-au fost c\u0103l\u0103uzi\u0163i<br \/>\nDe c\u0103tre steaua luminoas\u0103<br \/>\nCu str\u0103lucirea-i&#8230; radioas\u0103,<br \/>\n\u015ei-n Betleem au fost opri\u0163i<br \/>\nIntr\u00e2nd cu dragoste \u00een cas\u0103.<\/p>\n<p>Cu fe\u0163e-umile, s-au plecat<br \/>\n\u015ei \u00een respect p\u00e2n-la p\u0103m\u00e2nt<br \/>\nCinstind al Domnului Cuv\u00e2nt,<br \/>\nPruncului mic, s-au \u00eenchinat<br \/>\nCa unui \u00cemp\u0103rat Prea Sf\u00e2nt.<\/p>\n<p>Mul\u0163imi de daruri I-au adus<br \/>\nDin visteriile pline, deschise<br \/>\nSpre-a d\u0103rui, cele promise,<br \/>\nSi-n fa\u0163a Pruncului le-au pus<br \/>\nBucuro\u015fi fiind, c\u0103 \u00cel g\u0103sise.<\/p>\n<p>\u015ei aur, \u015fi smirn\u0103, \u015fi t\u0103m\u00e2ie<br \/>\nI-au fost aduse ca cinstire<br \/>\nPentru-a Lui slav\u0103 \u015fi m\u0103rire,<br \/>\n\u015e fost-au ruga\u0163i s\u0103 r\u0103m\u00e2ie<br \/>\n\u00cen noapte pentru odihnire.<\/p>\n<p>Ei au r\u0103mas, dar \u00eentr-un vis<br \/>\nUn \u00eenger sf\u00e2nt i-a avertizat,<br \/>\n\u015ei \u00een somn, lor le-a fost zis<br \/>\nC\u0103-al lor drum, li-i interzis<br \/>\nPe la Irod de-a-l fi \u00een\u015ftiin\u0163at.<\/p>\n<p>\u015ei s-au \u00eentors pe-alt\u0103 c\u0103rare<br \/>\n\u015ei n-au spus visul, nim\u0103nui,<br \/>\nDuc\u00e2nd cu ei o veste mare<br \/>\nPrivind m\u0103rea\u0163a \u00eent\u00e2mplare,<br \/>\nDespre Copil, \u015fi steaua Lui.<\/p>\n<p>Flavius Laurian Duverna<br \/>\n27 decembrie 2018<\/p>\n","protected":false},"excerpt":{"rendered":"<p>Magii \u00een\u0163elep\u0163i &#8230;\u015ei au venit s\u0103 se \u00eenchine La Pruncul, \u00cemp\u0103rat vestit Cum \u00een Scripturi e profe\u0163it, Cu visterii de daruri pline Magii \u00een\u0163elep\u0163i, din R\u0103s\u0103rit. \u00cen noapte-au fost c\u0103l\u0103uzi\u0163i De c\u0103tre steaua luminoas\u0103 Cu str\u0103lucirea-i&#8230; radioas\u0103, \u015ei-n Betleem au fost opri\u0163i Intr\u00e2nd cu dragoste \u00een cas\u0103. Cu fe\u0163e-umile, s-au plecat \u015ei \u00een respect p\u00e2n-la [&hellip;]<\/p>\n","protected":false},"author":9,"featured_media":0,"comment_status":"open","ping_status":"closed","sticky":false,"template":"","format":"standard","meta":{"_monsterinsights_skip_tracking":false,"_monsterinsights_sitenote_active":false,"_monsterinsights_sitenote_note":"","_monsterinsights_sitenote_category":0,"footnotes":""},"categories":[134],"tags":[391,53,208,209,126],"class_list":["post-6148","post","type-post","status-publish","format-standard","hentry","category-generale","tag-cuvant","tag-dragoste","tag-flavius","tag-laurian","tag-poezie"],"_links":{"self":[{"href":"https:\/\/intercer.net\/blogs\/poeziisieditoriale\/wp-json\/wp\/v2\/posts\/6148","targetHints":{"allow":["GET"]}}],"collection":[{"href":"https:\/\/intercer.net\/blogs\/poeziisieditoriale\/wp-json\/wp\/v2\/posts"}],"about":[{"href":"https:\/\/intercer.net\/blogs\/poeziisieditoriale\/wp-json\/wp\/v2\/types\/post"}],"author":[{"embeddable":true,"href":"https:\/\/intercer.net\/blogs\/poeziisieditoriale\/wp-json\/wp\/v2\/users\/9"}],"replies":[{"embeddable":true,"href":"https:\/\/intercer.net\/blogs\/poeziisieditoriale\/wp-json\/wp\/v2\/comments?post=6148"}],"version-history":[{"count":1,"href":"https:\/\/intercer.net\/blogs\/poeziisieditoriale\/wp-json\/wp\/v2\/posts\/6148\/revisions"}],"predecessor-version":[{"id":6149,"href":"https:\/\/intercer.net\/blogs\/poeziisieditoriale\/wp-json\/wp\/v2\/posts\/6148\/revisions\/6149"}],"wp:attachment":[{"href":"https:\/\/intercer.net\/blogs\/poeziisieditoriale\/wp-json\/wp\/v2\/media?parent=6148"}],"wp:term":[{"taxonomy":"category","embeddable":true,"href":"https:\/\/intercer.net\/blogs\/poeziisieditoriale\/wp-json\/wp\/v2\/categories?post=6148"},{"taxonomy":"post_tag","embeddable":true,"href":"https:\/\/intercer.net\/blogs\/poeziisieditoriale\/wp-json\/wp\/v2\/tags?post=6148"}],"curies":[{"name":"wp","href":"https:\/\/api.w.org\/{rel}","templated":true}]}}