{"id":6157,"date":"2020-01-07T08:36:21","date_gmt":"2020-01-07T16:36:21","guid":{"rendered":"https:\/\/intercer.net\/blogs\/poeziisieditoriale\/?p=6157"},"modified":"2020-01-07T08:38:45","modified_gmt":"2020-01-07T16:38:45","slug":"rondelu-mi-vietii","status":"publish","type":"post","link":"https:\/\/intercer.net\/blogs\/poeziisieditoriale\/generale\/rondelu-mi-vietii.html","title":{"rendered":"Rondelu-mi Vie\u0163ii"},"content":{"rendered":"<p>Rondelu-mi Vie\u0163ii<\/p>\n<p>C\u00e2nd Domnul a bine voit<br \/>\nFiin\u0163a-mi pentru-a fi zidit\u0103<br \/>\nAtunci o, mam\u0103, fericit\u0103,<br \/>\nPrin tine via\u0163a, am primit!<\/p>\n<p>Ai s\u0103ltat, la g\u00e2ndul r\u0103s\u0103rit<br \/>\nPrin vestea ce a fost tr\u0103it\u0103,<br \/>\nC\u00e2nd Domnul a binevoit &#8211;<br \/>\nFiin\u0163a-mi pentru-a fi zidit\u0103.<\/p>\n<p>\u00cen plan de la-nceput g\u00e2ndit<br \/>\nC\u0103-n na\u015fteri fi-vei \u00eemplinit\u0103,<br \/>\nC\u0103ci via\u0163a fi-va-\u0163i \u00eentregit\u0103 &#8211;<br \/>\nTe-ai \u00eent\u0103rit mam\u0103, lini\u015ftit\u0103<br \/>\nC\u00e2nd Domnul a bine voit,<\/p>\n<p>Fiin\u0163a-mi pentru-a fi zidit\u0103!<\/p>\n<p>Flavius Laurian Duverna<\/p>\n","protected":false},"excerpt":{"rendered":"<p>Rondelu-mi Vie\u0163ii C\u00e2nd Domnul a bine voit Fiin\u0163a-mi pentru-a fi zidit\u0103 Atunci o, mam\u0103, fericit\u0103, Prin tine via\u0163a, am primit! Ai s\u0103ltat, la g\u00e2ndul r\u0103s\u0103rit Prin vestea ce a fost tr\u0103it\u0103, C\u00e2nd Domnul a binevoit &#8211; Fiin\u0163a-mi pentru-a fi zidit\u0103. \u00cen plan de la-nceput g\u00e2ndit C\u0103-n na\u015fteri fi-vei \u00eemplinit\u0103, C\u0103ci via\u0163a fi-va-\u0163i \u00eentregit\u0103 &#8211; Te-ai [&hellip;]<\/p>\n","protected":false},"author":9,"featured_media":0,"comment_status":"open","ping_status":"closed","sticky":false,"template":"","format":"standard","meta":{"_monsterinsights_skip_tracking":false,"_monsterinsights_sitenote_active":false,"_monsterinsights_sitenote_note":"","_monsterinsights_sitenote_category":0,"footnotes":""},"categories":[134],"tags":[208,209,126],"class_list":["post-6157","post","type-post","status-publish","format-standard","hentry","category-generale","tag-flavius","tag-laurian","tag-poezie"],"_links":{"self":[{"href":"https:\/\/intercer.net\/blogs\/poeziisieditoriale\/wp-json\/wp\/v2\/posts\/6157","targetHints":{"allow":["GET"]}}],"collection":[{"href":"https:\/\/intercer.net\/blogs\/poeziisieditoriale\/wp-json\/wp\/v2\/posts"}],"about":[{"href":"https:\/\/intercer.net\/blogs\/poeziisieditoriale\/wp-json\/wp\/v2\/types\/post"}],"author":[{"embeddable":true,"href":"https:\/\/intercer.net\/blogs\/poeziisieditoriale\/wp-json\/wp\/v2\/users\/9"}],"replies":[{"embeddable":true,"href":"https:\/\/intercer.net\/blogs\/poeziisieditoriale\/wp-json\/wp\/v2\/comments?post=6157"}],"version-history":[{"count":2,"href":"https:\/\/intercer.net\/blogs\/poeziisieditoriale\/wp-json\/wp\/v2\/posts\/6157\/revisions"}],"predecessor-version":[{"id":6159,"href":"https:\/\/intercer.net\/blogs\/poeziisieditoriale\/wp-json\/wp\/v2\/posts\/6157\/revisions\/6159"}],"wp:attachment":[{"href":"https:\/\/intercer.net\/blogs\/poeziisieditoriale\/wp-json\/wp\/v2\/media?parent=6157"}],"wp:term":[{"taxonomy":"category","embeddable":true,"href":"https:\/\/intercer.net\/blogs\/poeziisieditoriale\/wp-json\/wp\/v2\/categories?post=6157"},{"taxonomy":"post_tag","embeddable":true,"href":"https:\/\/intercer.net\/blogs\/poeziisieditoriale\/wp-json\/wp\/v2\/tags?post=6157"}],"curies":[{"name":"wp","href":"https:\/\/api.w.org\/{rel}","templated":true}]}}