{"id":6182,"date":"2020-01-24T02:21:18","date_gmt":"2020-01-24T10:21:18","guid":{"rendered":"https:\/\/intercer.net\/blogs\/poeziisieditoriale\/?p=6182"},"modified":"2020-01-24T02:21:18","modified_gmt":"2020-01-24T10:21:18","slug":"rondelul-razboiului-ceresc","status":"publish","type":"post","link":"https:\/\/intercer.net\/blogs\/poeziisieditoriale\/generale\/rondelul-razboiului-ceresc.html","title":{"rendered":"Rondelul r\u0103zboiului Ceresc"},"content":{"rendered":"<p>Rondelul r\u0103zboiului Ceresc<\/p>\n<p>&#8230; \u015ei s-a f\u0103cut r\u0103zboi \u00een cer<br \/>\nDup\u0103 reuniuni nenum\u0103rate<br \/>\n\u015ei convorbiri \u00eendelungate &#8211;<br \/>\n\u00centre Isus Hristos \u015fi Lucifer.<\/p>\n<p>Nevr\u00e2nd s\u0103 \u015ftie, c-unii pier<br \/>\nN-a renun\u0163at&#8230; la-nt\u00e2ietate,<br \/>\n&#8230; \u015ei s-a f\u0103cut r\u0103zboi \u00een cer<br \/>\nDup\u0103 reuniuni nenum\u0103rate.<\/p>\n<p>St\u00e2nd pe dorin\u0163a sa de fier<br \/>\nLa toate sfaturile avansate<br \/>\nC\u0103-n protest n-are dreptate,<br \/>\nNu s-a schimbat la caracter<br \/>\n&#8230; \u015ei s-a f\u0103cut r\u0103zboi \u00een cer<\/p>\n<p>Dup\u0103 reuniuni nenum\u0103rate.<\/p>\n<p>Flavius Laurian Duverna<\/p>\n","protected":false},"excerpt":{"rendered":"<p>Rondelul r\u0103zboiului Ceresc &#8230; \u015ei s-a f\u0103cut r\u0103zboi \u00een cer Dup\u0103 reuniuni nenum\u0103rate \u015ei convorbiri \u00eendelungate &#8211; \u00centre Isus Hristos \u015fi Lucifer. Nevr\u00e2nd s\u0103 \u015ftie, c-unii pier N-a renun\u0163at&#8230; la-nt\u00e2ietate, &#8230; \u015ei s-a f\u0103cut r\u0103zboi \u00een cer Dup\u0103 reuniuni nenum\u0103rate. St\u00e2nd pe dorin\u0163a sa de fier La toate sfaturile avansate C\u0103-n protest n-are dreptate, Nu [&hellip;]<\/p>\n","protected":false},"author":9,"featured_media":0,"comment_status":"open","ping_status":"closed","sticky":false,"template":"","format":"standard","meta":{"_monsterinsights_skip_tracking":false,"_monsterinsights_sitenote_active":false,"_monsterinsights_sitenote_note":"","_monsterinsights_sitenote_category":0,"footnotes":""},"categories":[134,135],"tags":[208,209,126],"class_list":["post-6182","post","type-post","status-publish","format-standard","hentry","category-generale","category-isus-hristos","tag-flavius","tag-laurian","tag-poezie"],"_links":{"self":[{"href":"https:\/\/intercer.net\/blogs\/poeziisieditoriale\/wp-json\/wp\/v2\/posts\/6182","targetHints":{"allow":["GET"]}}],"collection":[{"href":"https:\/\/intercer.net\/blogs\/poeziisieditoriale\/wp-json\/wp\/v2\/posts"}],"about":[{"href":"https:\/\/intercer.net\/blogs\/poeziisieditoriale\/wp-json\/wp\/v2\/types\/post"}],"author":[{"embeddable":true,"href":"https:\/\/intercer.net\/blogs\/poeziisieditoriale\/wp-json\/wp\/v2\/users\/9"}],"replies":[{"embeddable":true,"href":"https:\/\/intercer.net\/blogs\/poeziisieditoriale\/wp-json\/wp\/v2\/comments?post=6182"}],"version-history":[{"count":1,"href":"https:\/\/intercer.net\/blogs\/poeziisieditoriale\/wp-json\/wp\/v2\/posts\/6182\/revisions"}],"predecessor-version":[{"id":6183,"href":"https:\/\/intercer.net\/blogs\/poeziisieditoriale\/wp-json\/wp\/v2\/posts\/6182\/revisions\/6183"}],"wp:attachment":[{"href":"https:\/\/intercer.net\/blogs\/poeziisieditoriale\/wp-json\/wp\/v2\/media?parent=6182"}],"wp:term":[{"taxonomy":"category","embeddable":true,"href":"https:\/\/intercer.net\/blogs\/poeziisieditoriale\/wp-json\/wp\/v2\/categories?post=6182"},{"taxonomy":"post_tag","embeddable":true,"href":"https:\/\/intercer.net\/blogs\/poeziisieditoriale\/wp-json\/wp\/v2\/tags?post=6182"}],"curies":[{"name":"wp","href":"https:\/\/api.w.org\/{rel}","templated":true}]}}