{"id":6189,"date":"2020-02-03T03:13:24","date_gmt":"2020-02-03T11:13:24","guid":{"rendered":"https:\/\/intercer.net\/blogs\/poeziisieditoriale\/?p=6189"},"modified":"2020-02-03T03:13:24","modified_gmt":"2020-02-03T11:13:24","slug":"rondelul-cartei-lumii","status":"publish","type":"post","link":"https:\/\/intercer.net\/blogs\/poeziisieditoriale\/generale\/rondelul-cartei-lumii.html","title":{"rendered":"Rondelul Cartei Lumii"},"content":{"rendered":"<p>Rondelul Cartei Lumii<\/p>\n<p>Se preg\u0103tesc pe scena lumii<br \/>\nEvenimente mari, religioase<br \/>\nCu razele arz\u00e2nd luminoase&#8230;<br \/>\nCa flac\u0103ra, din fa\u0163a furtunii!<\/p>\n<p>Dup-analiz\u0103ri&#8230; &#8211; laborioase<br \/>\nSucces deplin le-acord\u0103 unii,<br \/>\nEvenimente mari, religioase<br \/>\nSe preg\u0103tesc pe scena lumii.<\/p>\n<p>Se-arat\u0103-n scop, ingenioase<br \/>\nPentru o nou\u0103 Cart\u0103 a lumii,<br \/>\nS\u0103 nu dea loc&#8230; &#8211; suspiciunii<br \/>\nC\u0103 visuri ar p\u0103rea spumoase,<br \/>\nEvenimente mari, religioase<\/p>\n<p>Se preg\u0103tesc pe scena lumii.<\/p>\n<p>Flavius Laurian Duverna<br \/>\n03 februarie 2020<\/p>\n","protected":false},"excerpt":{"rendered":"<p>Rondelul Cartei Lumii Se preg\u0103tesc pe scena lumii Evenimente mari, religioase Cu razele arz\u00e2nd luminoase&#8230; Ca flac\u0103ra, din fa\u0163a furtunii! Dup-analiz\u0103ri&#8230; &#8211; laborioase Succes deplin le-acord\u0103 unii, Evenimente mari, religioase Se preg\u0103tesc pe scena lumii. Se-arat\u0103-n scop, ingenioase Pentru o nou\u0103 Cart\u0103 a lumii, S\u0103 nu dea loc&#8230; &#8211; suspiciunii C\u0103 visuri ar p\u0103rea spumoase, [&hellip;]<\/p>\n","protected":false},"author":9,"featured_media":0,"comment_status":"open","ping_status":"closed","sticky":false,"template":"","format":"standard","meta":{"_monsterinsights_skip_tracking":false,"_monsterinsights_sitenote_active":false,"_monsterinsights_sitenote_note":"","_monsterinsights_sitenote_category":0,"footnotes":""},"categories":[136,134],"tags":[208,209,126],"class_list":["post-6189","post","type-post","status-publish","format-standard","hentry","category-evenimente","category-generale","tag-flavius","tag-laurian","tag-poezie"],"_links":{"self":[{"href":"https:\/\/intercer.net\/blogs\/poeziisieditoriale\/wp-json\/wp\/v2\/posts\/6189","targetHints":{"allow":["GET"]}}],"collection":[{"href":"https:\/\/intercer.net\/blogs\/poeziisieditoriale\/wp-json\/wp\/v2\/posts"}],"about":[{"href":"https:\/\/intercer.net\/blogs\/poeziisieditoriale\/wp-json\/wp\/v2\/types\/post"}],"author":[{"embeddable":true,"href":"https:\/\/intercer.net\/blogs\/poeziisieditoriale\/wp-json\/wp\/v2\/users\/9"}],"replies":[{"embeddable":true,"href":"https:\/\/intercer.net\/blogs\/poeziisieditoriale\/wp-json\/wp\/v2\/comments?post=6189"}],"version-history":[{"count":1,"href":"https:\/\/intercer.net\/blogs\/poeziisieditoriale\/wp-json\/wp\/v2\/posts\/6189\/revisions"}],"predecessor-version":[{"id":6190,"href":"https:\/\/intercer.net\/blogs\/poeziisieditoriale\/wp-json\/wp\/v2\/posts\/6189\/revisions\/6190"}],"wp:attachment":[{"href":"https:\/\/intercer.net\/blogs\/poeziisieditoriale\/wp-json\/wp\/v2\/media?parent=6189"}],"wp:term":[{"taxonomy":"category","embeddable":true,"href":"https:\/\/intercer.net\/blogs\/poeziisieditoriale\/wp-json\/wp\/v2\/categories?post=6189"},{"taxonomy":"post_tag","embeddable":true,"href":"https:\/\/intercer.net\/blogs\/poeziisieditoriale\/wp-json\/wp\/v2\/tags?post=6189"}],"curies":[{"name":"wp","href":"https:\/\/api.w.org\/{rel}","templated":true}]}}