{"id":6274,"date":"2020-06-09T08:03:07","date_gmt":"2020-06-09T15:03:07","guid":{"rendered":"https:\/\/intercer.net\/blogs\/poeziisieditoriale\/?p=6274"},"modified":"2020-06-09T08:03:07","modified_gmt":"2020-06-09T15:03:07","slug":"portret-ascuns","status":"publish","type":"post","link":"https:\/\/intercer.net\/blogs\/poeziisieditoriale\/generale\/portret-ascuns.html","title":{"rendered":"Portret ascuns"},"content":{"rendered":"<p>\u00centre file minunate<br \/>\nUn portret des\u0103v\u00e2r\u0219it<br \/>\nPentru noi pictat cu &#8216;nalte<br \/>\nTr\u0103s\u0103turi descoperit.<\/p>\n<p>Bucuria crea\u021biunii,<br \/>\nPacea gr\u0103dinii Eden,<br \/>\nR\u0103bdarea S\u0103 chiar cu unii<br \/>\nR\u0103zvr\u0103ti\u021bi, cu trai nedemn.<\/p>\n<p>Bl\u00e2nde\u021bea \u0219i bun\u0103tatea,<br \/>\nBinefacerea spre mul\u021bi,<br \/>\nChip senin \u0219i puritatea,<br \/>\nVorba-I dulce s\u0103 ascul\u021bi.<\/p>\n<p>Apoi strict\u0103 \u00eenfr\u00e2nare,<br \/>\nAdev\u0103rul clar, curat,<br \/>\n\u00cenl\u0103crimat\u0103 mustrare,<br \/>\nT\u00e2n\u0103r cu calm, cump\u0103tat.<\/p>\n<p>O smerenie ad\u00e2nc\u0103,<br \/>\nAtent la detalii date,<br \/>\nLaude, critici-L fac st\u00e2nc\u0103<br \/>\nRadiind integritate.<\/p>\n<p>Ghetsemani, ceasuri prea rele<br \/>\nPentru noi a suferit,<br \/>\nMiliarde p\u0103cate grele<br \/>\nDe Tat\u0103l L-au desp\u0103r\u021bit.<\/p>\n<p>Mai pot s\u0103 am r\u0103utate<br \/>\nC\u00e2nd la Cruce am privit?<br \/>\nEgoism, m\u00e2ndrie, toate<br \/>\n\u00cen iubire s-au topit&#8230;<\/p>\n<p>Ah, s\u0103 deschidem Scriptura,<br \/>\nPe Hrist s\u0103-L cunoa\u0219tem dar,<br \/>\nDuhul Sf\u00e2nt \u00eenv\u0103\u021b\u0103tura<br \/>\nNe va da \u0219i al S\u0103u har! Amin!<\/p>\n<p>       Floare de col\u021b<br \/>\n       Aviva Aurelia Evghenie<\/p>\n","protected":false},"excerpt":{"rendered":"<p>\u00centre file minunate Un portret des\u0103v\u00e2r\u0219it Pentru noi pictat cu &#8216;nalte Tr\u0103s\u0103turi descoperit. Bucuria crea\u021biunii, Pacea gr\u0103dinii Eden, R\u0103bdarea S\u0103 chiar cu unii R\u0103zvr\u0103ti\u021bi, cu trai nedemn. Bl\u00e2nde\u021bea \u0219i bun\u0103tatea, Binefacerea spre mul\u021bi, Chip senin \u0219i puritatea, Vorba-I dulce s\u0103 ascul\u021bi. Apoi strict\u0103 \u00eenfr\u00e2nare, Adev\u0103rul clar, curat, \u00cenl\u0103crimat\u0103 mustrare, T\u00e2n\u0103r cu calm, cump\u0103tat. O smerenie [&hellip;]<\/p>\n","protected":false},"author":44,"featured_media":0,"comment_status":"open","ping_status":"closed","sticky":false,"template":"","format":"standard","meta":{"_monsterinsights_skip_tracking":false,"_monsterinsights_sitenote_active":false,"_monsterinsights_sitenote_note":"","_monsterinsights_sitenote_category":0,"footnotes":""},"categories":[134],"tags":[],"class_list":["post-6274","post","type-post","status-publish","format-standard","hentry","category-generale"],"_links":{"self":[{"href":"https:\/\/intercer.net\/blogs\/poeziisieditoriale\/wp-json\/wp\/v2\/posts\/6274","targetHints":{"allow":["GET"]}}],"collection":[{"href":"https:\/\/intercer.net\/blogs\/poeziisieditoriale\/wp-json\/wp\/v2\/posts"}],"about":[{"href":"https:\/\/intercer.net\/blogs\/poeziisieditoriale\/wp-json\/wp\/v2\/types\/post"}],"author":[{"embeddable":true,"href":"https:\/\/intercer.net\/blogs\/poeziisieditoriale\/wp-json\/wp\/v2\/users\/44"}],"replies":[{"embeddable":true,"href":"https:\/\/intercer.net\/blogs\/poeziisieditoriale\/wp-json\/wp\/v2\/comments?post=6274"}],"version-history":[{"count":1,"href":"https:\/\/intercer.net\/blogs\/poeziisieditoriale\/wp-json\/wp\/v2\/posts\/6274\/revisions"}],"predecessor-version":[{"id":6275,"href":"https:\/\/intercer.net\/blogs\/poeziisieditoriale\/wp-json\/wp\/v2\/posts\/6274\/revisions\/6275"}],"wp:attachment":[{"href":"https:\/\/intercer.net\/blogs\/poeziisieditoriale\/wp-json\/wp\/v2\/media?parent=6274"}],"wp:term":[{"taxonomy":"category","embeddable":true,"href":"https:\/\/intercer.net\/blogs\/poeziisieditoriale\/wp-json\/wp\/v2\/categories?post=6274"},{"taxonomy":"post_tag","embeddable":true,"href":"https:\/\/intercer.net\/blogs\/poeziisieditoriale\/wp-json\/wp\/v2\/tags?post=6274"}],"curies":[{"name":"wp","href":"https:\/\/api.w.org\/{rel}","templated":true}]}}