{"id":694,"date":"2010-01-18T02:10:15","date_gmt":"2010-01-18T07:10:15","guid":{"rendered":"http:\/\/intercer.net\/blogs\/poeziisieditoriale\/generale\/jertfa-implinita.html"},"modified":"2010-01-18T03:19:49","modified_gmt":"2010-01-18T08:19:49","slug":"jertfa-implinita","status":"publish","type":"post","link":"https:\/\/intercer.net\/blogs\/poeziisieditoriale\/speranta\/jertfa-implinita.html","title":{"rendered":"Jertfa \u00cemplinit\u0103"},"content":{"rendered":"<p>Jertfa \u00cemplinit\u0103<\/p>\n<p>Prin \u00een\u0103l\u0163area-I pe cruce<br \/>\nPrin moartea ce-a biruit,<br \/>\nVia\u0163a pentru-a ne aduce<br \/>\nIsus, jertfa \u015ei-a-mplinit!<\/p>\n<p>Sacrificiul S\u0103u prin Sine<br \/>\nO, ce se-ntinde-n infinit,<br \/>\n\u00cen favoarea noastra \u0163ine<br \/>\nPentru c\u0103 El, ne-a iubit!<\/p>\n<p>Inima, de-acum e plin\u0103<br \/>\nDe-acea sf\u00e2nt\u0103 bucurie,<br \/>\n\u015ei de pacea cea deplin\u0103<br \/>\nPentru-ntreaga ve\u015fnicie.<\/p>\n<p>Iar \u00een timp ce \u00cel strig\u0103m<br \/>\nPrin sincer\u0103 rug\u0103ciune,<br \/>\nEl ne v-a-nt\u0103ri, s\u0103 st\u0103m<br \/>\nDin foc fiind un t\u0103ciune.<\/p>\n<p>St\u00e2nd \u00een fa\u0163\u0103 \u00een picioare<br \/>\nPentru noi, v-a mijloci,<br \/>\n\u015ei de hainele-s murdare<br \/>\nTotu\u015fi, ne va-ndrept\u0103\u0163i.<\/p>\n<p>\u015ei ne-o da, \u00een al S\u0103u har<br \/>\nCununa cea mult dorit\u0103,<br \/>\nCe-om\u00a0 avea-o ca un dar<br \/>\nPrin jertfa cea \u00eemplinit\u0103.<\/p>\n<p>Flavius Laurian Duverna<\/p>\n","protected":false},"excerpt":{"rendered":"<p>Jertfa \u00cemplinit\u0103 Prin \u00een\u0103l\u0163area-I pe cruce Prin moartea ce-a biruit, Via\u0163a pentru-a ne aduce Isus, jertfa \u015ei-a-mplinit! Sacrificiul S\u0103u prin Sine O, ce se-ntinde-n infinit, \u00cen favoarea noastra \u0163ine Pentru c\u0103 El, ne-a iubit! Inima, de-acum e plin\u0103 De-acea sf\u00e2nt\u0103 bucurie, \u015ei de pacea cea deplin\u0103 Pentru-ntreaga ve\u015fnicie. Iar \u00een timp ce \u00cel strig\u0103m Prin [&hellip;]<\/p>\n","protected":false},"author":9,"featured_media":0,"comment_status":"open","ping_status":"closed","sticky":false,"template":"","format":"standard","meta":{"_monsterinsights_skip_tracking":false,"_monsterinsights_sitenote_active":false,"_monsterinsights_sitenote_note":"","_monsterinsights_sitenote_category":0,"footnotes":""},"categories":[134,127],"tags":[290,215,208,86,209,404],"class_list":["post-694","post","type-post","status-publish","format-standard","hentry","category-generale","category-speranta","tag-cruce","tag-duverna","tag-flavius","tag-jertfa","tag-laurian","tag-vesnicie"],"_links":{"self":[{"href":"https:\/\/intercer.net\/blogs\/poeziisieditoriale\/wp-json\/wp\/v2\/posts\/694","targetHints":{"allow":["GET"]}}],"collection":[{"href":"https:\/\/intercer.net\/blogs\/poeziisieditoriale\/wp-json\/wp\/v2\/posts"}],"about":[{"href":"https:\/\/intercer.net\/blogs\/poeziisieditoriale\/wp-json\/wp\/v2\/types\/post"}],"author":[{"embeddable":true,"href":"https:\/\/intercer.net\/blogs\/poeziisieditoriale\/wp-json\/wp\/v2\/users\/9"}],"replies":[{"embeddable":true,"href":"https:\/\/intercer.net\/blogs\/poeziisieditoriale\/wp-json\/wp\/v2\/comments?post=694"}],"version-history":[{"count":0,"href":"https:\/\/intercer.net\/blogs\/poeziisieditoriale\/wp-json\/wp\/v2\/posts\/694\/revisions"}],"wp:attachment":[{"href":"https:\/\/intercer.net\/blogs\/poeziisieditoriale\/wp-json\/wp\/v2\/media?parent=694"}],"wp:term":[{"taxonomy":"category","embeddable":true,"href":"https:\/\/intercer.net\/blogs\/poeziisieditoriale\/wp-json\/wp\/v2\/categories?post=694"},{"taxonomy":"post_tag","embeddable":true,"href":"https:\/\/intercer.net\/blogs\/poeziisieditoriale\/wp-json\/wp\/v2\/tags?post=694"}],"curies":[{"name":"wp","href":"https:\/\/api.w.org\/{rel}","templated":true}]}}