{"id":9657,"date":"2022-04-23T07:30:24","date_gmt":"2022-04-23T14:30:24","guid":{"rendered":"https:\/\/intercer.net\/blogs\/poeziisieditoriale\/?p=9657"},"modified":"2022-04-23T07:30:24","modified_gmt":"2022-04-23T14:30:24","slug":"rasplata-3","status":"publish","type":"post","link":"https:\/\/intercer.net\/blogs\/poeziisieditoriale\/generale\/rasplata-3.html","title":{"rendered":"R\u0103splata"},"content":{"rendered":"<p><a href=\"https:\/\/intercer.net\/blogs\/poeziisieditoriale\/files\/2022\/04\/1650724102938.jpg\"><img loading=\"lazy\" decoding=\"async\" class=\"alignnone size-medium wp-image-9658\" src=\"https:\/\/intercer.net\/blogs\/poeziisieditoriale\/files\/2022\/04\/1650724102938-196x300.jpg\" alt=\"\" width=\"196\" height=\"300\" srcset=\"https:\/\/intercer.net\/blogs\/poeziisieditoriale\/files\/2022\/04\/1650724102938-196x300.jpg 196w, https:\/\/intercer.net\/blogs\/poeziisieditoriale\/files\/2022\/04\/1650724102938-670x1024.jpg 670w, https:\/\/intercer.net\/blogs\/poeziisieditoriale\/files\/2022\/04\/1650724102938-768x1173.jpg 768w, https:\/\/intercer.net\/blogs\/poeziisieditoriale\/files\/2022\/04\/1650724102938-1005x1536.jpg 1005w, https:\/\/intercer.net\/blogs\/poeziisieditoriale\/files\/2022\/04\/1650724102938.jpg 1080w\" sizes=\"auto, (max-width: 196px) 100vw, 196px\" \/><\/a>R\u0102SPLATA<br \/>\nE sublim&#8230;<br \/>\nE divin&#8230;<br \/>\nE m\u0103re\u021b&#8230;<br \/>\nE perfect&#8230;<br \/>\nDumnezeiesc,<br \/>\nCe ne a\u0219teapt\u0103<br \/>\nPe calea dreapt\u0103<br \/>\nE o cetate<br \/>\nDe aur, frate,<br \/>\nNu o rata,<br \/>\nCredin\u021ba ta<br \/>\nNu o l\u0103sa<br \/>\nS\u0103 piar\u0103,<br \/>\nS\u0103 moar\u0103,<br \/>\nC\u0103ci o r\u0103splat\u0103<br \/>\nPe veci a\u0219teapt\u0103<br \/>\nS\u0103-\u021bi fie dat\u0103.<br \/>\nEmilia Dinescu<\/p>\n","protected":false},"excerpt":{"rendered":"<p>R\u0102SPLATA E sublim&#8230; E divin&#8230; E m\u0103re\u021b&#8230; E perfect&#8230; Dumnezeiesc, Ce ne a\u0219teapt\u0103 Pe calea dreapt\u0103 E o cetate De aur, frate, Nu o rata, Credin\u021ba ta Nu o l\u0103sa S\u0103 piar\u0103, S\u0103 moar\u0103, C\u0103ci o r\u0103splat\u0103 Pe veci a\u0219teapt\u0103 S\u0103-\u021bi fie dat\u0103. Emilia Dinescu<\/p>\n","protected":false},"author":47,"featured_media":0,"comment_status":"open","ping_status":"closed","sticky":false,"template":"","format":"standard","meta":{"_monsterinsights_skip_tracking":false,"_monsterinsights_sitenote_active":false,"_monsterinsights_sitenote_note":"","_monsterinsights_sitenote_category":0,"footnotes":""},"categories":[134],"tags":[],"class_list":["post-9657","post","type-post","status-publish","format-standard","hentry","category-generale"],"_links":{"self":[{"href":"https:\/\/intercer.net\/blogs\/poeziisieditoriale\/wp-json\/wp\/v2\/posts\/9657","targetHints":{"allow":["GET"]}}],"collection":[{"href":"https:\/\/intercer.net\/blogs\/poeziisieditoriale\/wp-json\/wp\/v2\/posts"}],"about":[{"href":"https:\/\/intercer.net\/blogs\/poeziisieditoriale\/wp-json\/wp\/v2\/types\/post"}],"author":[{"embeddable":true,"href":"https:\/\/intercer.net\/blogs\/poeziisieditoriale\/wp-json\/wp\/v2\/users\/47"}],"replies":[{"embeddable":true,"href":"https:\/\/intercer.net\/blogs\/poeziisieditoriale\/wp-json\/wp\/v2\/comments?post=9657"}],"version-history":[{"count":1,"href":"https:\/\/intercer.net\/blogs\/poeziisieditoriale\/wp-json\/wp\/v2\/posts\/9657\/revisions"}],"predecessor-version":[{"id":9659,"href":"https:\/\/intercer.net\/blogs\/poeziisieditoriale\/wp-json\/wp\/v2\/posts\/9657\/revisions\/9659"}],"wp:attachment":[{"href":"https:\/\/intercer.net\/blogs\/poeziisieditoriale\/wp-json\/wp\/v2\/media?parent=9657"}],"wp:term":[{"taxonomy":"category","embeddable":true,"href":"https:\/\/intercer.net\/blogs\/poeziisieditoriale\/wp-json\/wp\/v2\/categories?post=9657"},{"taxonomy":"post_tag","embeddable":true,"href":"https:\/\/intercer.net\/blogs\/poeziisieditoriale\/wp-json\/wp\/v2\/tags?post=9657"}],"curies":[{"name":"wp","href":"https:\/\/api.w.org\/{rel}","templated":true}]}}