{"id":9703,"date":"2022-04-24T11:33:44","date_gmt":"2022-04-24T18:33:44","guid":{"rendered":"https:\/\/intercer.net\/blogs\/poeziisieditoriale\/?p=9703"},"modified":"2022-04-24T11:33:44","modified_gmt":"2022-04-24T18:33:44","slug":"sunt-o-problema-2","status":"publish","type":"post","link":"https:\/\/intercer.net\/blogs\/poeziisieditoriale\/generale\/sunt-o-problema-2.html","title":{"rendered":"Sunt o problem\u0103"},"content":{"rendered":"<p><a href=\"https:\/\/intercer.net\/blogs\/poeziisieditoriale\/files\/2022\/04\/1650825109668.jpg\"><img loading=\"lazy\" decoding=\"async\" class=\"alignnone size-medium wp-image-9704\" src=\"https:\/\/intercer.net\/blogs\/poeziisieditoriale\/files\/2022\/04\/1650825109668-200x300.jpg\" alt=\"\" width=\"200\" height=\"300\" srcset=\"https:\/\/intercer.net\/blogs\/poeziisieditoriale\/files\/2022\/04\/1650825109668-200x300.jpg 200w, https:\/\/intercer.net\/blogs\/poeziisieditoriale\/files\/2022\/04\/1650825109668-683x1024.jpg 683w, https:\/\/intercer.net\/blogs\/poeziisieditoriale\/files\/2022\/04\/1650825109668-768x1152.jpg 768w, https:\/\/intercer.net\/blogs\/poeziisieditoriale\/files\/2022\/04\/1650825109668-1024x1536.jpg 1024w, https:\/\/intercer.net\/blogs\/poeziisieditoriale\/files\/2022\/04\/1650825109668.jpg 1080w\" sizes=\"auto, (max-width: 200px) 100vw, 200px\" \/><\/a>SUNT O PROBLEM\u0102<br \/>\nEu m\u0103 g\u00e2ndesc c\u0103 nu sunt o problem\u0103<br \/>\nCa Ieremia, Pavel sau chiar al\u021bii,<br \/>\nSunt o problem\u0103 c\u0103 \u00eemi critic fra\u021bii<br \/>\n\u0218i pe Isus \u00eel sup\u0103r \u0219i-l jignesc<br \/>\nBa chiar, cu m\u00e2na mea eu \u00eel lovesc<br \/>\nC\u0103ci nu zidesc, nu construiesc,<br \/>\nCu m\u00e2na mea \u00eel r\u0103stignesc<br \/>\nC\u00e2nd fra\u021bii eu, u\u0219or, azi \u00eei b\u00e2rfesc<br \/>\n\u0218i relele din mine nu le mai z\u0103resc.<br \/>\nEmilia Dinescu<\/p>\n","protected":false},"excerpt":{"rendered":"<p>SUNT O PROBLEM\u0102 Eu m\u0103 g\u00e2ndesc c\u0103 nu sunt o problem\u0103 Ca Ieremia, Pavel sau chiar al\u021bii, Sunt o problem\u0103 c\u0103 \u00eemi critic fra\u021bii \u0218i pe Isus \u00eel sup\u0103r \u0219i-l jignesc Ba chiar, cu m\u00e2na mea eu \u00eel lovesc C\u0103ci nu zidesc, nu construiesc, Cu m\u00e2na mea \u00eel r\u0103stignesc C\u00e2nd fra\u021bii eu, u\u0219or, azi \u00eei [&hellip;]<\/p>\n","protected":false},"author":47,"featured_media":0,"comment_status":"open","ping_status":"closed","sticky":false,"template":"","format":"standard","meta":{"_monsterinsights_skip_tracking":false,"_monsterinsights_sitenote_active":false,"_monsterinsights_sitenote_note":"","_monsterinsights_sitenote_category":0,"footnotes":""},"categories":[134],"tags":[],"class_list":["post-9703","post","type-post","status-publish","format-standard","hentry","category-generale"],"_links":{"self":[{"href":"https:\/\/intercer.net\/blogs\/poeziisieditoriale\/wp-json\/wp\/v2\/posts\/9703","targetHints":{"allow":["GET"]}}],"collection":[{"href":"https:\/\/intercer.net\/blogs\/poeziisieditoriale\/wp-json\/wp\/v2\/posts"}],"about":[{"href":"https:\/\/intercer.net\/blogs\/poeziisieditoriale\/wp-json\/wp\/v2\/types\/post"}],"author":[{"embeddable":true,"href":"https:\/\/intercer.net\/blogs\/poeziisieditoriale\/wp-json\/wp\/v2\/users\/47"}],"replies":[{"embeddable":true,"href":"https:\/\/intercer.net\/blogs\/poeziisieditoriale\/wp-json\/wp\/v2\/comments?post=9703"}],"version-history":[{"count":1,"href":"https:\/\/intercer.net\/blogs\/poeziisieditoriale\/wp-json\/wp\/v2\/posts\/9703\/revisions"}],"predecessor-version":[{"id":9705,"href":"https:\/\/intercer.net\/blogs\/poeziisieditoriale\/wp-json\/wp\/v2\/posts\/9703\/revisions\/9705"}],"wp:attachment":[{"href":"https:\/\/intercer.net\/blogs\/poeziisieditoriale\/wp-json\/wp\/v2\/media?parent=9703"}],"wp:term":[{"taxonomy":"category","embeddable":true,"href":"https:\/\/intercer.net\/blogs\/poeziisieditoriale\/wp-json\/wp\/v2\/categories?post=9703"},{"taxonomy":"post_tag","embeddable":true,"href":"https:\/\/intercer.net\/blogs\/poeziisieditoriale\/wp-json\/wp\/v2\/tags?post=9703"}],"curies":[{"name":"wp","href":"https:\/\/api.w.org\/{rel}","templated":true}]}}