{"id":9715,"date":"2022-04-24T12:02:36","date_gmt":"2022-04-24T19:02:36","guid":{"rendered":"https:\/\/intercer.net\/blogs\/poeziisieditoriale\/?p=9715"},"modified":"2022-04-24T12:02:36","modified_gmt":"2022-04-24T19:02:36","slug":"nu-merit-nimic-3","status":"publish","type":"post","link":"https:\/\/intercer.net\/blogs\/poeziisieditoriale\/generale\/nu-merit-nimic-3.html","title":{"rendered":"Nu merit nimic"},"content":{"rendered":"<p><a href=\"https:\/\/intercer.net\/blogs\/poeziisieditoriale\/files\/2022\/04\/1650826893685.jpg\"><img loading=\"lazy\" decoding=\"async\" class=\"alignnone size-medium wp-image-9716\" src=\"https:\/\/intercer.net\/blogs\/poeziisieditoriale\/files\/2022\/04\/1650826893685-200x300.jpg\" alt=\"\" width=\"200\" height=\"300\" srcset=\"https:\/\/intercer.net\/blogs\/poeziisieditoriale\/files\/2022\/04\/1650826893685-200x300.jpg 200w, https:\/\/intercer.net\/blogs\/poeziisieditoriale\/files\/2022\/04\/1650826893685-683x1024.jpg 683w, https:\/\/intercer.net\/blogs\/poeziisieditoriale\/files\/2022\/04\/1650826893685-768x1152.jpg 768w, https:\/\/intercer.net\/blogs\/poeziisieditoriale\/files\/2022\/04\/1650826893685-1024x1536.jpg 1024w, https:\/\/intercer.net\/blogs\/poeziisieditoriale\/files\/2022\/04\/1650826893685.jpg 1080w\" sizes=\"auto, (max-width: 200px) 100vw, 200px\" \/><\/a>NU MERIT NIMIC<br \/>\nCu ce rug\u0103ciune s\u0103 vin la picioarele Tale?<br \/>\nNu merit nimic din binecuv\u00e2nt\u0103rile Tale,<br \/>\nNu merit nimic, dar Tu te-ai jertfit<br \/>\n\u0218i-n locul meu pe cruce ai murit,<br \/>\nNu merit nimic, dar mult mai binecuv\u00e2ntat<br \/>\n\u0218i haina-mi murdar\u0103 Tu, azi mi-ai sp\u0103lat,<br \/>\nNu merit nimic, dar Tu mi-ai dat har<br \/>\n\u0218i o via\u021b\u0103 curat\u0103 mi-ai dat Tu, \u00een dar.<br \/>\nEmilia Dinescu<\/p>\n","protected":false},"excerpt":{"rendered":"<p>NU MERIT NIMIC Cu ce rug\u0103ciune s\u0103 vin la picioarele Tale? Nu merit nimic din binecuv\u00e2nt\u0103rile Tale, Nu merit nimic, dar Tu te-ai jertfit \u0218i-n locul meu pe cruce ai murit, Nu merit nimic, dar mult mai binecuv\u00e2ntat \u0218i haina-mi murdar\u0103 Tu, azi mi-ai sp\u0103lat, Nu merit nimic, dar Tu mi-ai dat har \u0218i o [&hellip;]<\/p>\n","protected":false},"author":47,"featured_media":0,"comment_status":"open","ping_status":"closed","sticky":false,"template":"","format":"standard","meta":{"_monsterinsights_skip_tracking":false,"_monsterinsights_sitenote_active":false,"_monsterinsights_sitenote_note":"","_monsterinsights_sitenote_category":0,"footnotes":""},"categories":[134],"tags":[],"class_list":["post-9715","post","type-post","status-publish","format-standard","hentry","category-generale"],"_links":{"self":[{"href":"https:\/\/intercer.net\/blogs\/poeziisieditoriale\/wp-json\/wp\/v2\/posts\/9715","targetHints":{"allow":["GET"]}}],"collection":[{"href":"https:\/\/intercer.net\/blogs\/poeziisieditoriale\/wp-json\/wp\/v2\/posts"}],"about":[{"href":"https:\/\/intercer.net\/blogs\/poeziisieditoriale\/wp-json\/wp\/v2\/types\/post"}],"author":[{"embeddable":true,"href":"https:\/\/intercer.net\/blogs\/poeziisieditoriale\/wp-json\/wp\/v2\/users\/47"}],"replies":[{"embeddable":true,"href":"https:\/\/intercer.net\/blogs\/poeziisieditoriale\/wp-json\/wp\/v2\/comments?post=9715"}],"version-history":[{"count":1,"href":"https:\/\/intercer.net\/blogs\/poeziisieditoriale\/wp-json\/wp\/v2\/posts\/9715\/revisions"}],"predecessor-version":[{"id":9717,"href":"https:\/\/intercer.net\/blogs\/poeziisieditoriale\/wp-json\/wp\/v2\/posts\/9715\/revisions\/9717"}],"wp:attachment":[{"href":"https:\/\/intercer.net\/blogs\/poeziisieditoriale\/wp-json\/wp\/v2\/media?parent=9715"}],"wp:term":[{"taxonomy":"category","embeddable":true,"href":"https:\/\/intercer.net\/blogs\/poeziisieditoriale\/wp-json\/wp\/v2\/categories?post=9715"},{"taxonomy":"post_tag","embeddable":true,"href":"https:\/\/intercer.net\/blogs\/poeziisieditoriale\/wp-json\/wp\/v2\/tags?post=9715"}],"curies":[{"name":"wp","href":"https:\/\/api.w.org\/{rel}","templated":true}]}}