{"id":9730,"date":"2022-04-24T22:35:29","date_gmt":"2022-04-25T05:35:29","guid":{"rendered":"https:\/\/intercer.net\/blogs\/poeziisieditoriale\/?p=9730"},"modified":"2022-04-24T22:35:29","modified_gmt":"2022-04-25T05:35:29","slug":"nu-merit-nimic-4","status":"publish","type":"post","link":"https:\/\/intercer.net\/blogs\/poeziisieditoriale\/generale\/nu-merit-nimic-4.html","title":{"rendered":"Nu merit nimic"},"content":{"rendered":"<p>NU MERIT NIMIC<br \/>\nDoamne, eu nu merit nimic,<br \/>\nDar f\u0103r\u0103 Tine, nu pot s\u0103 m\u0103 ridic<a href=\"https:\/\/intercer.net\/blogs\/poeziisieditoriale\/files\/2022\/04\/1650864829601.jpg\"><img loading=\"lazy\" decoding=\"async\" class=\"alignnone size-medium wp-image-9731\" src=\"https:\/\/intercer.net\/blogs\/poeziisieditoriale\/files\/2022\/04\/1650864829601-225x300.jpg\" alt=\"\" width=\"225\" height=\"300\" srcset=\"https:\/\/intercer.net\/blogs\/poeziisieditoriale\/files\/2022\/04\/1650864829601-225x300.jpg 225w, https:\/\/intercer.net\/blogs\/poeziisieditoriale\/files\/2022\/04\/1650864829601-767x1024.jpg 767w, https:\/\/intercer.net\/blogs\/poeziisieditoriale\/files\/2022\/04\/1650864829601-768x1025.jpg 768w, https:\/\/intercer.net\/blogs\/poeziisieditoriale\/files\/2022\/04\/1650864829601.jpg 1079w\" sizes=\"auto, (max-width: 225px) 100vw, 225px\" \/><\/a><br \/>\nF\u0103r\u0103 Tine, nimic nu sunt,<br \/>\nDoar \u021b\u0103r\u00e2n\u0103 \u0219i p\u0103m\u00e2nt,<br \/>\nDoar prin Tine eu tr\u0103iesc<br \/>\nVia\u021ba ve\u0219nic\u0103 \u00eemi doresc,<br \/>\nAjut\u0103-m\u0103 s\u0103 am credin\u021b\u0103<br \/>\n\u0218i s\u0103 m\u0103 \u00eentorc cu poc\u0103in\u021b\u0103.<br \/>\nEmilia Dinescu<\/p>\n","protected":false},"excerpt":{"rendered":"<p>NU MERIT NIMIC Doamne, eu nu merit nimic, Dar f\u0103r\u0103 Tine, nu pot s\u0103 m\u0103 ridic F\u0103r\u0103 Tine, nimic nu sunt, Doar \u021b\u0103r\u00e2n\u0103 \u0219i p\u0103m\u00e2nt, Doar prin Tine eu tr\u0103iesc Via\u021ba ve\u0219nic\u0103 \u00eemi doresc, Ajut\u0103-m\u0103 s\u0103 am credin\u021b\u0103 \u0218i s\u0103 m\u0103 \u00eentorc cu poc\u0103in\u021b\u0103. Emilia Dinescu<\/p>\n","protected":false},"author":47,"featured_media":0,"comment_status":"open","ping_status":"closed","sticky":false,"template":"","format":"standard","meta":{"_monsterinsights_skip_tracking":false,"_monsterinsights_sitenote_active":false,"_monsterinsights_sitenote_note":"","_monsterinsights_sitenote_category":0,"footnotes":""},"categories":[134],"tags":[],"class_list":["post-9730","post","type-post","status-publish","format-standard","hentry","category-generale"],"_links":{"self":[{"href":"https:\/\/intercer.net\/blogs\/poeziisieditoriale\/wp-json\/wp\/v2\/posts\/9730","targetHints":{"allow":["GET"]}}],"collection":[{"href":"https:\/\/intercer.net\/blogs\/poeziisieditoriale\/wp-json\/wp\/v2\/posts"}],"about":[{"href":"https:\/\/intercer.net\/blogs\/poeziisieditoriale\/wp-json\/wp\/v2\/types\/post"}],"author":[{"embeddable":true,"href":"https:\/\/intercer.net\/blogs\/poeziisieditoriale\/wp-json\/wp\/v2\/users\/47"}],"replies":[{"embeddable":true,"href":"https:\/\/intercer.net\/blogs\/poeziisieditoriale\/wp-json\/wp\/v2\/comments?post=9730"}],"version-history":[{"count":1,"href":"https:\/\/intercer.net\/blogs\/poeziisieditoriale\/wp-json\/wp\/v2\/posts\/9730\/revisions"}],"predecessor-version":[{"id":9732,"href":"https:\/\/intercer.net\/blogs\/poeziisieditoriale\/wp-json\/wp\/v2\/posts\/9730\/revisions\/9732"}],"wp:attachment":[{"href":"https:\/\/intercer.net\/blogs\/poeziisieditoriale\/wp-json\/wp\/v2\/media?parent=9730"}],"wp:term":[{"taxonomy":"category","embeddable":true,"href":"https:\/\/intercer.net\/blogs\/poeziisieditoriale\/wp-json\/wp\/v2\/categories?post=9730"},{"taxonomy":"post_tag","embeddable":true,"href":"https:\/\/intercer.net\/blogs\/poeziisieditoriale\/wp-json\/wp\/v2\/tags?post=9730"}],"curies":[{"name":"wp","href":"https:\/\/api.w.org\/{rel}","templated":true}]}}